{"id":336,"date":"2024-03-27T13:42:52","date_gmt":"2024-03-27T13:42:52","guid":{"rendered":"https:\/\/tekirdagboschservisi.com.tr\/?p=336"},"modified":"2024-03-27T13:42:52","modified_gmt":"2024-03-27T13:42:52","slug":"kurutma-makinesi-programlari-calismiyor","status":"publish","type":"post","link":"https:\/\/tekirdagboschservisi.com.tr\/index.php\/2024\/03\/27\/kurutma-makinesi-programlari-calismiyor\/","title":{"rendered":"Kurutma Makinesi Programlar\u0131 \u00c7al\u0131\u015fm\u0131yor"},"content":{"rendered":"<p><img fetchpriority=\"high\" decoding=\"async\" class=\"aligncenter wp-image-213 size-full\" src=\"https:\/\/tekirdagboschservisi.com.tr\/wp-content\/uploads\/2024\/03\/bosch-kurutma-makinesi-2.jpg\" alt=\"Kurutma Makinesi Programlar\u0131 \u00c7al\u0131\u015fm\u0131yor\" width=\"584\" height=\"375\" srcset=\"https:\/\/tekirdagboschservisi.com.tr\/wp-content\/uploads\/2024\/03\/bosch-kurutma-makinesi-2.jpg 584w, https:\/\/tekirdagboschservisi.com.tr\/wp-content\/uploads\/2024\/03\/bosch-kurutma-makinesi-2-300x193.jpg 300w\" sizes=\"(max-width: 584px) 100vw, 584px\" \/><\/p>\n<p><strong>Bosch Kurutma Makinesi Programlar\u0131 \u00c7al\u0131\u015fm\u0131yor Sorunu ve \u00c7\u00f6z\u00fcm \u00d6nerileri<\/strong><\/p>\n<p><a href=\"https:\/\/tekirdagboschservisi.com.tr\/index.php\/tekirdag-bosch-beyaz-esya-servisi-2\/bosch-kurutma-makinesi-servisi\/\">Bosch<\/a> kurutma makinesi programlar\u0131n\u0131n \u00e7al\u0131\u015fmamas\u0131, kullan\u0131c\u0131lar i\u00e7in olduk\u00e7a rahats\u0131z edici bir durumdur, \u00e7\u00fcnk\u00fc do\u011fru program se\u00e7imi kurutma i\u015fleminin etkinli\u011fi i\u00e7in \u00f6nemlidir. Bu sorunun alt\u0131nda yatan birka\u00e7 yayg\u0131n neden vard\u0131r ve \u00e7o\u011fu durumda kullan\u0131c\u0131lar taraf\u0131ndan \u00e7\u00f6z\u00fclen. \u0130\u015fte bu sorunun nedenleri ve \u00e7\u00f6z\u00fcm \u00f6nerileri:<\/p>\n<p><strong>Nedenler:<\/strong><\/p>\n<ol>\n<li><strong>Kontrol Paneli Ar\u0131zas\u0131:<\/strong> <a href=\"https:\/\/garanti-teknik.com\/index.php\/bosch-beyaz-esya-servisi\/bosch-kurutma-makinesi-servisi\/\">Kurutma<\/a> makinesinin kontrol panelinde bir ar\u0131zal\u0131d\u0131r. Bu durumda, makine programlar\u0131 se\u00e7ilemez veya yanl\u0131\u015f program \u00e7al\u0131\u015ft\u0131r\u0131r.<\/li>\n<li><strong>Program Se\u00e7imi D\u00fc\u011fmesi Ar\u0131zas\u0131:<\/strong> Program se\u00e7imi d\u00fc\u011fmesinin ar\u0131zalanmas\u0131, kullan\u0131c\u0131lar\u0131n do\u011fru program\u0131 se\u00e7mesini engeller veya programlar\u0131n \u00e7al\u0131\u015fmas\u0131n\u0131 durdurur.<\/li>\n<li><strong>Ba\u011flant\u0131 Sorunlar\u0131:<\/strong> Kurutma makinesinin kontrol paneli ile i\u00e7 devreler aras\u0131ndaki ba\u011flant\u0131da bir sorun vard\u0131r. Bu durumda, programlar\u0131n do\u011fru bir \u015fekilde aktar\u0131lmas\u0131 engeller.<\/li>\n<li><strong>G\u00fc\u00e7 Sorunlar\u0131:<\/strong> Elektrik ba\u011flant\u0131s\u0131nda bir sorun olmas\u0131 veya g\u00fc\u00e7 kesintisi ya\u015fanmas\u0131 durumunda, kurutma makinesinin programlar\u0131 \u00e7al\u0131\u015fmayabilir.<\/li>\n<\/ol>\n<p><strong>Kurutma Makinesi Programlar\u0131 \u00c7al\u0131\u015fm\u0131yor \u00c7\u00f6z\u00fcm \u00d6nerileri:<\/strong><\/p>\n<ol>\n<li><strong>Kontrol Panelini Kontrol Edin:<\/strong> \u00d6ncelikle, kurutma makinesinin kontrol panelinde herhangi bir fiziksel hasar veya ar\u0131za olup olmad\u0131\u011f\u0131n\u0131 kontrol edin. E\u011fer kontrol panelinde bir ar\u0131za varsa, yetkili bir servis teknisyeninden yard\u0131m al\u0131n.<\/li>\n<li><strong>Program Se\u00e7imi D\u00fc\u011fmesini Kontrol Edin:<\/strong> Program se\u00e7imi d\u00fc\u011fmesinin d\u00fczg\u00fcn \u00e7al\u0131\u015f\u0131p \u00e7al\u0131\u015fmad\u0131\u011f\u0131n\u0131 kontrol edin. E\u011fer d\u00fc\u011fme ar\u0131zal\u0131ysa, de\u011fi\u015ftirilmesi gerekebilir.<\/li>\n<li><strong>Ba\u011flant\u0131lar\u0131 Kontrol Edin:<\/strong> Kurutma makinesinin kontrol paneli ile i\u00e7 devreler aras\u0131ndaki ba\u011flant\u0131lar\u0131 kontrol edin. Ayr\u0131ca gev\u015femi\u015f veya kopmu\u015f ba\u011flant\u0131lar\u0131 d\u00fczeltin. Ba\u011flant\u0131lar sa\u011flam oldu\u011funda, programlar\u0131n do\u011fru bir \u015fekilde aktar\u0131lmas\u0131 sa\u011flan\u0131r.<\/li>\n<li><strong>G\u00fc\u00e7 Ba\u011flant\u0131s\u0131n\u0131 Kontrol Edin:<\/strong> E\u011fer kurutma makinesi hi\u00e7bir program\u0131 \u00e7al\u0131\u015ft\u0131rm\u0131yorsa. G\u00fc\u00e7 ba\u011flant\u0131s\u0131n\u0131 kontrol edin ayr\u0131ca prizdeki elektrik ba\u011flant\u0131s\u0131n\u0131 sa\u011flamla\u015ft\u0131r\u0131n. E\u011fer prizde sorun varsa, bir elektrik\u00e7iden yard\u0131m al\u0131n.<\/li>\n<\/ol>\n<p>Yukar\u0131daki \u00e7\u00f6z\u00fcm \u00f6nerilerini uygulad\u0131ktan sonra kurutma makinesi hala programlar\u0131 \u00e7al\u0131\u015fm\u0131yorsa. Bosch yetkili bir servis merkezine ba\u015fvurman\u0131z gerekir. Uzman teknisyenler, sorunun nedenini belirler ve gerekli onar\u0131mlar\u0131 ger\u00e7ekle\u015ftirirler.<\/p>\n<p>&nbsp;<\/p>\n","protected":false},"excerpt":{"rendered":"<p>Bosch Kurutma Makinesi Programlar\u0131 \u00c7al\u0131\u015fm\u0131yor Sorunu ve \u00c7\u00f6z\u00fcm \u00d6nerileri Bosch kurutma makinesi programlar\u0131n\u0131n \u00e7al\u0131\u015fmamas\u0131, kullan\u0131c\u0131lar i\u00e7in olduk\u00e7a rahats\u0131z edici bir durumdur, \u00e7\u00fcnk\u00fc do\u011fru program se\u00e7imi [&hellip;]<\/p>\n","protected":false},"author":1,"featured_media":0,"comment_status":"open","ping_status":"open","sticky":false,"template":"","format":"standard","meta":{"footnotes":""},"categories":[140],"tags":[146,145,164,165,166,163],"class_list":["post-336","post","type-post","status-publish","format-standard","hentry","category-tekirdag-bosch-kurutma-makinesi-servisi","tag-bosch-kurutma-makinesi-ariza","tag-bosch-kurutma-makinesi-arizalari","tag-bosch-kurutma-makinesi-programlari-calismiyor","tag-bosch-kurutma-makinesi-programlari-calismiyor-sorunu","tag-bosch-kurutma-makinesi-programlari-calismiyor-sorunu-ve-cozum-yollari","tag-kurutma-makinesi-programlari-calismiyor"],"yoast_head":"<!-- This site is optimized with the Yoast SEO plugin v27.5 - https:\/\/yoast.com\/product\/yoast-seo-wordpress\/ -->\n<title>Kurutma Makinesi Programlar\u0131 \u00c7al\u0131\u015fm\u0131yor - Tekirda\u011f Bosch Servisi<\/title>\n<meta name=\"description\" content=\"Bosch Kurutma Makinesi Programlar\u0131 \u00c7al\u0131\u015fm\u0131yor Sorunu ve \u00c7\u00f6z\u00fcm \u00d6nerileri Yaz\u0131m\u0131z\u0131n \u0130\u00e7erisindedir. Tekirda\u011f Bosch Beyaz E\u015fya Servis 02822632296\" \/>\n<meta name=\"robots\" content=\"index, follow, max-snippet:-1, max-image-preview:large, max-video-preview:-1\" \/>\n<link rel=\"canonical\" href=\"https:\/\/tekirdagboschservisi.com.tr\/index.php\/2024\/03\/27\/kurutma-makinesi-programlari-calismiyor\/\" \/>\n<meta property=\"og:locale\" content=\"tr_TR\" \/>\n<meta property=\"og:type\" content=\"article\" \/>\n<meta property=\"og:title\" content=\"Kurutma Makinesi Programlar\u0131 \u00c7al\u0131\u015fm\u0131yor - Tekirda\u011f Bosch Servisi\" \/>\n<meta property=\"og:description\" content=\"Bosch Kurutma Makinesi Programlar\u0131 \u00c7al\u0131\u015fm\u0131yor Sorunu ve \u00c7\u00f6z\u00fcm \u00d6nerileri Yaz\u0131m\u0131z\u0131n \u0130\u00e7erisindedir. Tekirda\u011f Bosch Beyaz E\u015fya Servis 02822632296\" \/>\n<meta property=\"og:url\" content=\"https:\/\/tekirdagboschservisi.com.tr\/index.php\/2024\/03\/27\/kurutma-makinesi-programlari-calismiyor\/\" \/>\n<meta property=\"og:site_name\" content=\"Tekirda\u011f Bosch Servisi\" \/>\n<meta property=\"article:published_time\" content=\"2024-03-27T13:42:52+00:00\" \/>\n<meta property=\"og:image\" content=\"https:\/\/tekirdagboschservisi.com.tr\/wp-content\/uploads\/2024\/03\/bosch-kurutma-makinesi-2.jpg\" \/>\n<meta name=\"author\" content=\"admin\" \/>\n<meta name=\"twitter:card\" content=\"summary_large_image\" \/>\n<meta name=\"twitter:label1\" content=\"Yazan:\" \/>\n\t<meta name=\"twitter:data1\" content=\"admin\" \/>\n\t<meta name=\"twitter:label2\" content=\"Tahmini okuma s\u00fcresi\" \/>\n\t<meta name=\"twitter:data2\" content=\"2 dakika\" \/>\n<script type=\"application\/ld+json\" class=\"yoast-schema-graph\">{\"@context\":\"https:\\\/\\\/schema.org\",\"@graph\":[{\"@type\":\"Article\",\"@id\":\"https:\\\/\\\/tekirdagboschservisi.com.tr\\\/index.php\\\/2024\\\/03\\\/27\\\/kurutma-makinesi-programlari-calismiyor\\\/#article\",\"isPartOf\":{\"@id\":\"https:\\\/\\\/tekirdagboschservisi.com.tr\\\/index.php\\\/2024\\\/03\\\/27\\\/kurutma-makinesi-programlari-calismiyor\\\/\"},\"author\":{\"name\":\"admin\",\"@id\":\"https:\\\/\\\/tekirdagboschservisi.com.tr\\\/#\\\/schema\\\/person\\\/edc9799f1a76b681707496086fab3ebe\"},\"headline\":\"Kurutma Makinesi Programlar\u0131 \u00c7al\u0131\u015fm\u0131yor\",\"datePublished\":\"2024-03-27T13:42:52+00:00\",\"mainEntityOfPage\":{\"@id\":\"https:\\\/\\\/tekirdagboschservisi.com.tr\\\/index.php\\\/2024\\\/03\\\/27\\\/kurutma-makinesi-programlari-calismiyor\\\/\"},\"wordCount\":405,\"commentCount\":0,\"publisher\":{\"@id\":\"https:\\\/\\\/tekirdagboschservisi.com.tr\\\/#organization\"},\"image\":{\"@id\":\"https:\\\/\\\/tekirdagboschservisi.com.tr\\\/index.php\\\/2024\\\/03\\\/27\\\/kurutma-makinesi-programlari-calismiyor\\\/#primaryimage\"},\"thumbnailUrl\":\"https:\\\/\\\/tekirdagboschservisi.com.tr\\\/wp-content\\\/uploads\\\/2024\\\/03\\\/bosch-kurutma-makinesi-2.jpg\",\"keywords\":[\"Bosch Kurutma Makinesi Ar\u0131za\",\"Bosch Kurutma Makinesi Ar\u0131zalar\u0131\",\"Bosch Kurutma Makinesi Programlar\u0131 \u00c7al\u0131\u015fm\u0131yor\",\"Bosch Kurutma Makinesi Programlar\u0131 \u00c7al\u0131\u015fm\u0131yor Sorunu\",\"Bosch Kurutma Makinesi Programlar\u0131 \u00c7al\u0131\u015fm\u0131yor Sorunu ve \u00c7\u00f6z\u00fcm Yollar\u0131\",\"Kurutma Makinesi Programlar\u0131 \u00c7al\u0131\u015fm\u0131yor\"],\"articleSection\":[\"Tekirda\u011f Bosch Kurutma Makinesi Servisi\"],\"inLanguage\":\"tr\",\"potentialAction\":[{\"@type\":\"CommentAction\",\"name\":\"Comment\",\"target\":[\"https:\\\/\\\/tekirdagboschservisi.com.tr\\\/index.php\\\/2024\\\/03\\\/27\\\/kurutma-makinesi-programlari-calismiyor\\\/#respond\"]}]},{\"@type\":\"WebPage\",\"@id\":\"https:\\\/\\\/tekirdagboschservisi.com.tr\\\/index.php\\\/2024\\\/03\\\/27\\\/kurutma-makinesi-programlari-calismiyor\\\/\",\"url\":\"https:\\\/\\\/tekirdagboschservisi.com.tr\\\/index.php\\\/2024\\\/03\\\/27\\\/kurutma-makinesi-programlari-calismiyor\\\/\",\"name\":\"Kurutma Makinesi Programlar\u0131 \u00c7al\u0131\u015fm\u0131yor - Tekirda\u011f Bosch Servisi\",\"isPartOf\":{\"@id\":\"https:\\\/\\\/tekirdagboschservisi.com.tr\\\/#website\"},\"primaryImageOfPage\":{\"@id\":\"https:\\\/\\\/tekirdagboschservisi.com.tr\\\/index.php\\\/2024\\\/03\\\/27\\\/kurutma-makinesi-programlari-calismiyor\\\/#primaryimage\"},\"image\":{\"@id\":\"https:\\\/\\\/tekirdagboschservisi.com.tr\\\/index.php\\\/2024\\\/03\\\/27\\\/kurutma-makinesi-programlari-calismiyor\\\/#primaryimage\"},\"thumbnailUrl\":\"https:\\\/\\\/tekirdagboschservisi.com.tr\\\/wp-content\\\/uploads\\\/2024\\\/03\\\/bosch-kurutma-makinesi-2.jpg\",\"datePublished\":\"2024-03-27T13:42:52+00:00\",\"description\":\"Bosch Kurutma Makinesi Programlar\u0131 \u00c7al\u0131\u015fm\u0131yor Sorunu ve \u00c7\u00f6z\u00fcm \u00d6nerileri Yaz\u0131m\u0131z\u0131n \u0130\u00e7erisindedir. Tekirda\u011f Bosch Beyaz E\u015fya Servis 02822632296\",\"breadcrumb\":{\"@id\":\"https:\\\/\\\/tekirdagboschservisi.com.tr\\\/index.php\\\/2024\\\/03\\\/27\\\/kurutma-makinesi-programlari-calismiyor\\\/#breadcrumb\"},\"inLanguage\":\"tr\",\"potentialAction\":[{\"@type\":\"ReadAction\",\"target\":[\"https:\\\/\\\/tekirdagboschservisi.com.tr\\\/index.php\\\/2024\\\/03\\\/27\\\/kurutma-makinesi-programlari-calismiyor\\\/\"]}]},{\"@type\":\"ImageObject\",\"inLanguage\":\"tr\",\"@id\":\"https:\\\/\\\/tekirdagboschservisi.com.tr\\\/index.php\\\/2024\\\/03\\\/27\\\/kurutma-makinesi-programlari-calismiyor\\\/#primaryimage\",\"url\":\"https:\\\/\\\/tekirdagboschservisi.com.tr\\\/wp-content\\\/uploads\\\/2024\\\/03\\\/bosch-kurutma-makinesi-2.jpg\",\"contentUrl\":\"https:\\\/\\\/tekirdagboschservisi.com.tr\\\/wp-content\\\/uploads\\\/2024\\\/03\\\/bosch-kurutma-makinesi-2.jpg\",\"width\":584,\"height\":375},{\"@type\":\"BreadcrumbList\",\"@id\":\"https:\\\/\\\/tekirdagboschservisi.com.tr\\\/index.php\\\/2024\\\/03\\\/27\\\/kurutma-makinesi-programlari-calismiyor\\\/#breadcrumb\",\"itemListElement\":[{\"@type\":\"ListItem\",\"position\":1,\"name\":\"Anasayfa\",\"item\":\"https:\\\/\\\/tekirdagboschservisi.com.tr\\\/\"},{\"@type\":\"ListItem\",\"position\":2,\"name\":\"Kurutma Makinesi Programlar\u0131 \u00c7al\u0131\u015fm\u0131yor\"}]},{\"@type\":\"WebSite\",\"@id\":\"https:\\\/\\\/tekirdagboschservisi.com.tr\\\/#website\",\"url\":\"https:\\\/\\\/tekirdagboschservisi.com.tr\\\/\",\"name\":\"Tekirda\u011f Bosch Servisi\",\"description\":\"0282 263 22 96\",\"publisher\":{\"@id\":\"https:\\\/\\\/tekirdagboschservisi.com.tr\\\/#organization\"},\"potentialAction\":[{\"@type\":\"SearchAction\",\"target\":{\"@type\":\"EntryPoint\",\"urlTemplate\":\"https:\\\/\\\/tekirdagboschservisi.com.tr\\\/?s={search_term_string}\"},\"query-input\":{\"@type\":\"PropertyValueSpecification\",\"valueRequired\":true,\"valueName\":\"search_term_string\"}}],\"inLanguage\":\"tr\"},{\"@type\":\"Organization\",\"@id\":\"https:\\\/\\\/tekirdagboschservisi.com.tr\\\/#organization\",\"name\":\"Tekirda\u011f Bosch Servisi\",\"url\":\"https:\\\/\\\/tekirdagboschservisi.com.tr\\\/\",\"logo\":{\"@type\":\"ImageObject\",\"inLanguage\":\"tr\",\"@id\":\"https:\\\/\\\/tekirdagboschservisi.com.tr\\\/#\\\/schema\\\/logo\\\/image\\\/\",\"url\":\"https:\\\/\\\/tekirdagboschservisi.com.tr\\\/wp-content\\\/uploads\\\/2024\\\/03\\\/7502c4fab3c11f90ed12b06b5e7b138d-1.jpg\",\"contentUrl\":\"https:\\\/\\\/tekirdagboschservisi.com.tr\\\/wp-content\\\/uploads\\\/2024\\\/03\\\/7502c4fab3c11f90ed12b06b5e7b138d-1.jpg\",\"width\":250,\"height\":92,\"caption\":\"Tekirda\u011f Bosch Servisi\"},\"image\":{\"@id\":\"https:\\\/\\\/tekirdagboschservisi.com.tr\\\/#\\\/schema\\\/logo\\\/image\\\/\"}},{\"@type\":\"Person\",\"@id\":\"https:\\\/\\\/tekirdagboschservisi.com.tr\\\/#\\\/schema\\\/person\\\/edc9799f1a76b681707496086fab3ebe\",\"name\":\"admin\",\"image\":{\"@type\":\"ImageObject\",\"inLanguage\":\"tr\",\"@id\":\"https:\\\/\\\/secure.gravatar.com\\\/avatar\\\/db70c2b6f6e9a750c63863236e8b79698035aa5b561aef5deda998a2b8dbe5b4?s=96&d=mm&r=g\",\"url\":\"https:\\\/\\\/secure.gravatar.com\\\/avatar\\\/db70c2b6f6e9a750c63863236e8b79698035aa5b561aef5deda998a2b8dbe5b4?s=96&d=mm&r=g\",\"contentUrl\":\"https:\\\/\\\/secure.gravatar.com\\\/avatar\\\/db70c2b6f6e9a750c63863236e8b79698035aa5b561aef5deda998a2b8dbe5b4?s=96&d=mm&r=g\",\"caption\":\"admin\"},\"sameAs\":[\"https:\\\/\\\/tekirdagboschservisi.com.tr\"],\"url\":\"https:\\\/\\\/tekirdagboschservisi.com.tr\\\/index.php\\\/author\\\/bosch-tekirdag\\\/\"}]}<\/script>\n<!-- \/ Yoast SEO plugin. -->","yoast_head_json":{"title":"Kurutma Makinesi Programlar\u0131 \u00c7al\u0131\u015fm\u0131yor - Tekirda\u011f Bosch Servisi","description":"Bosch Kurutma Makinesi Programlar\u0131 \u00c7al\u0131\u015fm\u0131yor Sorunu ve \u00c7\u00f6z\u00fcm \u00d6nerileri Yaz\u0131m\u0131z\u0131n \u0130\u00e7erisindedir. Tekirda\u011f Bosch Beyaz E\u015fya Servis 02822632296","robots":{"index":"index","follow":"follow","max-snippet":"max-snippet:-1","max-image-preview":"max-image-preview:large","max-video-preview":"max-video-preview:-1"},"canonical":"https:\/\/tekirdagboschservisi.com.tr\/index.php\/2024\/03\/27\/kurutma-makinesi-programlari-calismiyor\/","og_locale":"tr_TR","og_type":"article","og_title":"Kurutma Makinesi Programlar\u0131 \u00c7al\u0131\u015fm\u0131yor - Tekirda\u011f Bosch Servisi","og_description":"Bosch Kurutma Makinesi Programlar\u0131 \u00c7al\u0131\u015fm\u0131yor Sorunu ve \u00c7\u00f6z\u00fcm \u00d6nerileri Yaz\u0131m\u0131z\u0131n \u0130\u00e7erisindedir. Tekirda\u011f Bosch Beyaz E\u015fya Servis 02822632296","og_url":"https:\/\/tekirdagboschservisi.com.tr\/index.php\/2024\/03\/27\/kurutma-makinesi-programlari-calismiyor\/","og_site_name":"Tekirda\u011f Bosch Servisi","article_published_time":"2024-03-27T13:42:52+00:00","og_image":[{"url":"https:\/\/tekirdagboschservisi.com.tr\/wp-content\/uploads\/2024\/03\/bosch-kurutma-makinesi-2.jpg","type":"","width":"","height":""}],"author":"admin","twitter_card":"summary_large_image","twitter_misc":{"Yazan:":"admin","Tahmini okuma s\u00fcresi":"2 dakika"},"schema":{"@context":"https:\/\/schema.org","@graph":[{"@type":"Article","@id":"https:\/\/tekirdagboschservisi.com.tr\/index.php\/2024\/03\/27\/kurutma-makinesi-programlari-calismiyor\/#article","isPartOf":{"@id":"https:\/\/tekirdagboschservisi.com.tr\/index.php\/2024\/03\/27\/kurutma-makinesi-programlari-calismiyor\/"},"author":{"name":"admin","@id":"https:\/\/tekirdagboschservisi.com.tr\/#\/schema\/person\/edc9799f1a76b681707496086fab3ebe"},"headline":"Kurutma Makinesi Programlar\u0131 \u00c7al\u0131\u015fm\u0131yor","datePublished":"2024-03-27T13:42:52+00:00","mainEntityOfPage":{"@id":"https:\/\/tekirdagboschservisi.com.tr\/index.php\/2024\/03\/27\/kurutma-makinesi-programlari-calismiyor\/"},"wordCount":405,"commentCount":0,"publisher":{"@id":"https:\/\/tekirdagboschservisi.com.tr\/#organization"},"image":{"@id":"https:\/\/tekirdagboschservisi.com.tr\/index.php\/2024\/03\/27\/kurutma-makinesi-programlari-calismiyor\/#primaryimage"},"thumbnailUrl":"https:\/\/tekirdagboschservisi.com.tr\/wp-content\/uploads\/2024\/03\/bosch-kurutma-makinesi-2.jpg","keywords":["Bosch Kurutma Makinesi Ar\u0131za","Bosch Kurutma Makinesi Ar\u0131zalar\u0131","Bosch Kurutma Makinesi Programlar\u0131 \u00c7al\u0131\u015fm\u0131yor","Bosch Kurutma Makinesi Programlar\u0131 \u00c7al\u0131\u015fm\u0131yor Sorunu","Bosch Kurutma Makinesi Programlar\u0131 \u00c7al\u0131\u015fm\u0131yor Sorunu ve \u00c7\u00f6z\u00fcm Yollar\u0131","Kurutma Makinesi Programlar\u0131 \u00c7al\u0131\u015fm\u0131yor"],"articleSection":["Tekirda\u011f Bosch Kurutma Makinesi Servisi"],"inLanguage":"tr","potentialAction":[{"@type":"CommentAction","name":"Comment","target":["https:\/\/tekirdagboschservisi.com.tr\/index.php\/2024\/03\/27\/kurutma-makinesi-programlari-calismiyor\/#respond"]}]},{"@type":"WebPage","@id":"https:\/\/tekirdagboschservisi.com.tr\/index.php\/2024\/03\/27\/kurutma-makinesi-programlari-calismiyor\/","url":"https:\/\/tekirdagboschservisi.com.tr\/index.php\/2024\/03\/27\/kurutma-makinesi-programlari-calismiyor\/","name":"Kurutma Makinesi Programlar\u0131 \u00c7al\u0131\u015fm\u0131yor - Tekirda\u011f Bosch Servisi","isPartOf":{"@id":"https:\/\/tekirdagboschservisi.com.tr\/#website"},"primaryImageOfPage":{"@id":"https:\/\/tekirdagboschservisi.com.tr\/index.php\/2024\/03\/27\/kurutma-makinesi-programlari-calismiyor\/#primaryimage"},"image":{"@id":"https:\/\/tekirdagboschservisi.com.tr\/index.php\/2024\/03\/27\/kurutma-makinesi-programlari-calismiyor\/#primaryimage"},"thumbnailUrl":"https:\/\/tekirdagboschservisi.com.tr\/wp-content\/uploads\/2024\/03\/bosch-kurutma-makinesi-2.jpg","datePublished":"2024-03-27T13:42:52+00:00","description":"Bosch Kurutma Makinesi Programlar\u0131 \u00c7al\u0131\u015fm\u0131yor Sorunu ve \u00c7\u00f6z\u00fcm \u00d6nerileri Yaz\u0131m\u0131z\u0131n \u0130\u00e7erisindedir. Tekirda\u011f Bosch Beyaz E\u015fya Servis 02822632296","breadcrumb":{"@id":"https:\/\/tekirdagboschservisi.com.tr\/index.php\/2024\/03\/27\/kurutma-makinesi-programlari-calismiyor\/#breadcrumb"},"inLanguage":"tr","potentialAction":[{"@type":"ReadAction","target":["https:\/\/tekirdagboschservisi.com.tr\/index.php\/2024\/03\/27\/kurutma-makinesi-programlari-calismiyor\/"]}]},{"@type":"ImageObject","inLanguage":"tr","@id":"https:\/\/tekirdagboschservisi.com.tr\/index.php\/2024\/03\/27\/kurutma-makinesi-programlari-calismiyor\/#primaryimage","url":"https:\/\/tekirdagboschservisi.com.tr\/wp-content\/uploads\/2024\/03\/bosch-kurutma-makinesi-2.jpg","contentUrl":"https:\/\/tekirdagboschservisi.com.tr\/wp-content\/uploads\/2024\/03\/bosch-kurutma-makinesi-2.jpg","width":584,"height":375},{"@type":"BreadcrumbList","@id":"https:\/\/tekirdagboschservisi.com.tr\/index.php\/2024\/03\/27\/kurutma-makinesi-programlari-calismiyor\/#breadcrumb","itemListElement":[{"@type":"ListItem","position":1,"name":"Anasayfa","item":"https:\/\/tekirdagboschservisi.com.tr\/"},{"@type":"ListItem","position":2,"name":"Kurutma Makinesi Programlar\u0131 \u00c7al\u0131\u015fm\u0131yor"}]},{"@type":"WebSite","@id":"https:\/\/tekirdagboschservisi.com.tr\/#website","url":"https:\/\/tekirdagboschservisi.com.tr\/","name":"Tekirda\u011f Bosch Servisi","description":"0282 263 22 96","publisher":{"@id":"https:\/\/tekirdagboschservisi.com.tr\/#organization"},"potentialAction":[{"@type":"SearchAction","target":{"@type":"EntryPoint","urlTemplate":"https:\/\/tekirdagboschservisi.com.tr\/?s={search_term_string}"},"query-input":{"@type":"PropertyValueSpecification","valueRequired":true,"valueName":"search_term_string"}}],"inLanguage":"tr"},{"@type":"Organization","@id":"https:\/\/tekirdagboschservisi.com.tr\/#organization","name":"Tekirda\u011f Bosch Servisi","url":"https:\/\/tekirdagboschservisi.com.tr\/","logo":{"@type":"ImageObject","inLanguage":"tr","@id":"https:\/\/tekirdagboschservisi.com.tr\/#\/schema\/logo\/image\/","url":"https:\/\/tekirdagboschservisi.com.tr\/wp-content\/uploads\/2024\/03\/7502c4fab3c11f90ed12b06b5e7b138d-1.jpg","contentUrl":"https:\/\/tekirdagboschservisi.com.tr\/wp-content\/uploads\/2024\/03\/7502c4fab3c11f90ed12b06b5e7b138d-1.jpg","width":250,"height":92,"caption":"Tekirda\u011f Bosch Servisi"},"image":{"@id":"https:\/\/tekirdagboschservisi.com.tr\/#\/schema\/logo\/image\/"}},{"@type":"Person","@id":"https:\/\/tekirdagboschservisi.com.tr\/#\/schema\/person\/edc9799f1a76b681707496086fab3ebe","name":"admin","image":{"@type":"ImageObject","inLanguage":"tr","@id":"https:\/\/secure.gravatar.com\/avatar\/db70c2b6f6e9a750c63863236e8b79698035aa5b561aef5deda998a2b8dbe5b4?s=96&d=mm&r=g","url":"https:\/\/secure.gravatar.com\/avatar\/db70c2b6f6e9a750c63863236e8b79698035aa5b561aef5deda998a2b8dbe5b4?s=96&d=mm&r=g","contentUrl":"https:\/\/secure.gravatar.com\/avatar\/db70c2b6f6e9a750c63863236e8b79698035aa5b561aef5deda998a2b8dbe5b4?s=96&d=mm&r=g","caption":"admin"},"sameAs":["https:\/\/tekirdagboschservisi.com.tr"],"url":"https:\/\/tekirdagboschservisi.com.tr\/index.php\/author\/bosch-tekirdag\/"}]}},"_links":{"self":[{"href":"https:\/\/tekirdagboschservisi.com.tr\/index.php\/wp-json\/wp\/v2\/posts\/336","targetHints":{"allow":["GET"]}}],"collection":[{"href":"https:\/\/tekirdagboschservisi.com.tr\/index.php\/wp-json\/wp\/v2\/posts"}],"about":[{"href":"https:\/\/tekirdagboschservisi.com.tr\/index.php\/wp-json\/wp\/v2\/types\/post"}],"author":[{"embeddable":true,"href":"https:\/\/tekirdagboschservisi.com.tr\/index.php\/wp-json\/wp\/v2\/users\/1"}],"replies":[{"embeddable":true,"href":"https:\/\/tekirdagboschservisi.com.tr\/index.php\/wp-json\/wp\/v2\/comments?post=336"}],"version-history":[{"count":1,"href":"https:\/\/tekirdagboschservisi.com.tr\/index.php\/wp-json\/wp\/v2\/posts\/336\/revisions"}],"predecessor-version":[{"id":337,"href":"https:\/\/tekirdagboschservisi.com.tr\/index.php\/wp-json\/wp\/v2\/posts\/336\/revisions\/337"}],"wp:attachment":[{"href":"https:\/\/tekirdagboschservisi.com.tr\/index.php\/wp-json\/wp\/v2\/media?parent=336"}],"wp:term":[{"taxonomy":"category","embeddable":true,"href":"https:\/\/tekirdagboschservisi.com.tr\/index.php\/wp-json\/wp\/v2\/categories?post=336"},{"taxonomy":"post_tag","embeddable":true,"href":"https:\/\/tekirdagboschservisi.com.tr\/index.php\/wp-json\/wp\/v2\/tags?post=336"}],"curies":[{"name":"wp","href":"https:\/\/api.w.org\/{rel}","templated":true}]}}