{"id":334,"date":"2024-03-27T13:32:46","date_gmt":"2024-03-27T13:32:46","guid":{"rendered":"https:\/\/tekirdagboschservisi.com.tr\/?p=334"},"modified":"2024-03-27T13:32:46","modified_gmt":"2024-03-27T13:32:46","slug":"bosch-kurutma-makinesi-calismiyor","status":"publish","type":"post","link":"https:\/\/tekirdagboschservisi.com.tr\/index.php\/2024\/03\/27\/bosch-kurutma-makinesi-calismiyor\/","title":{"rendered":"Bosch Kurutma Makinesi \u00c7al\u0131\u015fm\u0131yor"},"content":{"rendered":"<p><img fetchpriority=\"high\" decoding=\"async\" class=\"aligncenter wp-image-213 size-full\" src=\"https:\/\/tekirdagboschservisi.com.tr\/wp-content\/uploads\/2024\/03\/bosch-kurutma-makinesi-2.jpg\" alt=\"Bosch Kurutma Makinesi \u00c7al\u0131\u015fm\u0131yor\" width=\"584\" height=\"375\" srcset=\"https:\/\/tekirdagboschservisi.com.tr\/wp-content\/uploads\/2024\/03\/bosch-kurutma-makinesi-2.jpg 584w, https:\/\/tekirdagboschservisi.com.tr\/wp-content\/uploads\/2024\/03\/bosch-kurutma-makinesi-2-300x193.jpg 300w\" sizes=\"(max-width: 584px) 100vw, 584px\" \/><\/p>\n<p><strong>Bosch Kurutma Makinesi \u00c7al\u0131\u015fm\u0131yor Sorunu ve \u00c7\u00f6z\u00fcm \u00d6nerileri<\/strong><\/p>\n<p><a href=\"https:\/\/tekirdagboschservisi.com.tr\/index.php\/tekirdag-bosch-beyaz-esya-servisi-2\/bosch-kurutma-makinesi-servisi\/\">Bosch<\/a> kurutma makinesinin \u00e7al\u0131\u015fmamas\u0131, kullan\u0131c\u0131lar i\u00e7in olduk\u00e7a rahats\u0131z edici bir durumdur. Ancak, bu sorunun alt\u0131nda yatan birka\u00e7 yayg\u0131n neden vard\u0131r ve \u00e7o\u011fu durumda kullan\u0131c\u0131lar taraf\u0131ndan \u00e7\u00f6z\u00fclen. \u0130\u015fte bu sorunun nedenleri ve \u00e7\u00f6z\u00fcm \u00f6nerileri:<\/p>\n<p><strong>Nedenler:<\/strong><\/p>\n<ol>\n<li><strong>G\u00fc\u00e7 Ba\u011flant\u0131s\u0131 Sorunlar\u0131:<\/strong> <a href=\"https:\/\/garanti-teknik.com\/index.php\/bosch-beyaz-esya-servisi\/bosch-kurutma-makinesi-servisi\/\">Kurutma<\/a> makinesinin \u00e7al\u0131\u015fmamas\u0131n\u0131n en yayg\u0131n nedenlerinden biri g\u00fc\u00e7 ba\u011flant\u0131s\u0131 sorunlar\u0131d\u0131r. Prizin veya makinenin fi\u015finin d\u00fczg\u00fcn bir \u015fekilde tak\u0131l\u0131 olmas\u0131 veya elektrik kesintisi gibi nedenlerle g\u00fc\u00e7 ba\u011flant\u0131s\u0131n\u0131n kesik olmas\u0131 m\u00fcmk\u00fcnd\u00fcr.<\/li>\n<li><strong>Sigorta Sorunlar\u0131:<\/strong> Evin ana elektrik panosundaki sigorta, kurutma makinesinin g\u00fcc\u00fcn\u00fc sa\u011flayan devreyi korur. E\u011fer sigorta atarsa, bu elektrik devresinin a\u015f\u0131r\u0131 y\u00fck alt\u0131nda oldu\u011funu veya bir ar\u0131za oldu\u011funu g\u00f6sterir.<\/li>\n<li><strong>Kontrol Paneli Ar\u0131zas\u0131:<\/strong> Kurutma makinesinin kontrol panelindeki bir ar\u0131za, makinenin \u00e7al\u0131\u015fmas\u0131n\u0131 durdurur. Bu, kontrol d\u00fc\u011fmelerinin veya ekran\u0131n ar\u0131zalanmas\u0131 \u015feklinde olur.<\/li>\n<li><strong>Program Se\u00e7imi Sorunu:<\/strong> Yanl\u0131\u015f program\u0131n se\u00e7ilmi\u015f olmas\u0131 veya program d\u00fc\u011fmesinin ar\u0131zalanmas\u0131, kurutma makinesinin \u00e7al\u0131\u015fmamas\u0131na neden olur.<\/li>\n<\/ol>\n<p><strong>Bosch Kurutma Makinesi \u00c7al\u0131\u015fm\u0131yor \u00c7\u00f6z\u00fcm \u00d6nerileri:<\/strong><\/p>\n<ol>\n<li><strong>G\u00fc\u00e7 Ba\u011flant\u0131s\u0131n\u0131 Kontrol Edin:<\/strong> \u00d6ncelikle, kurutma makinesinin fi\u015finin tam olarak prize tak\u0131l\u0131 oldu\u011fundan ve prizde elektrik oldu\u011fundan emin olun. E\u011fer prizde bir problem varsa, prizi de\u011fi\u015ftirin veya tamir ettirin.<\/li>\n<li><strong>Sigortay\u0131 Kontrol Edin:<\/strong> Evin ana elektrik panosundaki sigortay\u0131 kontrol edin ve e\u011fer at\u0131ksa, tekrar a\u00e7\u0131p kapatmay\u0131 deneyin. E\u011fer sigorta tekrar atarsa, elektrik devresinde bir sorun vard\u0131r ve elektrik\u00e7iye ba\u015fvurman\u0131z gerekir.<\/li>\n<li><strong>Kontrol Panelini Kontrol Edin:<\/strong> Kurutma makinesinin kontrol panelinde herhangi bir \u0131\u015f\u0131k yanm\u0131yorsa veya d\u00fc\u011fmeler yan\u0131t vermiyorsa, kontrol panelinde bir ar\u0131zal\u0131d\u0131r. Bu durumda, bir teknisyene dan\u0131\u015fman\u0131z veya kontrol panelini de\u011fi\u015ftirmeniz gerekir.<\/li>\n<li><strong>Program\u0131 Tekrar Ayarlay\u0131n:<\/strong> Yanl\u0131\u015f program se\u00e7ilmi\u015f olabilece\u011finden emin olmak i\u00e7in kurutma makinesinin program\u0131n\u0131 kontrol edin ve do\u011fru program\u0131 se\u00e7in. Program d\u00fc\u011fmesinin d\u00fczg\u00fcn \u00e7al\u0131\u015ft\u0131\u011f\u0131ndan emin olun.<\/li>\n<\/ol>\n<p>Yukar\u0131daki \u00e7\u00f6z\u00fcm \u00f6nerilerini uygulad\u0131ktan sonra kurutma makinesi hala \u00e7al\u0131\u015fm\u0131yorsa. Bosch yetkili bir servis merkezine ba\u015fvurman\u0131z gerekir. Uzman teknisyenler, sorunun nedenini belirler ve gerekli onar\u0131mlar\u0131 ger\u00e7ekle\u015ftirirler.<\/p>\n<p>&nbsp;<\/p>\n","protected":false},"excerpt":{"rendered":"<p>Bosch Kurutma Makinesi \u00c7al\u0131\u015fm\u0131yor Sorunu ve \u00c7\u00f6z\u00fcm \u00d6nerileri Bosch kurutma makinesinin \u00e7al\u0131\u015fmamas\u0131, kullan\u0131c\u0131lar i\u00e7in olduk\u00e7a rahats\u0131z edici bir durumdur. Ancak, bu sorunun alt\u0131nda yatan birka\u00e7 [&hellip;]<\/p>\n","protected":false},"author":1,"featured_media":0,"comment_status":"open","ping_status":"open","sticky":false,"template":"","format":"standard","meta":{"footnotes":""},"categories":[140],"tags":[146,145,160,161,162],"class_list":["post-334","post","type-post","status-publish","format-standard","hentry","category-tekirdag-bosch-kurutma-makinesi-servisi","tag-bosch-kurutma-makinesi-ariza","tag-bosch-kurutma-makinesi-arizalari","tag-bosch-kurutma-makinesi-calismiyor","tag-bosch-kurutma-makinesi-calismiyor-sorunu","tag-bosch-kurutma-makinesi-calismiyor-sorunu-ve-cozum-yollari"],"yoast_head":"<!-- This site is optimized with the Yoast SEO plugin v27.5 - https:\/\/yoast.com\/product\/yoast-seo-wordpress\/ -->\n<title>Bosch Kurutma Makinesi \u00c7al\u0131\u015fm\u0131yor - Tekirda\u011f Bosch Servisi<\/title>\n<meta name=\"description\" content=\"Bosch Kurutma Makinesi \u00c7al\u0131\u015fm\u0131yor Sorunu ve \u00c7\u00f6z\u00fcm \u00d6nerileri Yaz\u0131m\u0131z\u0131n \u0130\u00e7eri\u011findedir. Tekirda\u011f Bosch Beyaz E\u015fya Servisi 0282 263 22 96.\" \/>\n<meta name=\"robots\" content=\"index, follow, max-snippet:-1, max-image-preview:large, max-video-preview:-1\" \/>\n<link rel=\"canonical\" href=\"https:\/\/tekirdagboschservisi.com.tr\/index.php\/2024\/03\/27\/bosch-kurutma-makinesi-calismiyor\/\" \/>\n<meta property=\"og:locale\" content=\"tr_TR\" \/>\n<meta property=\"og:type\" content=\"article\" \/>\n<meta property=\"og:title\" content=\"Bosch Kurutma Makinesi \u00c7al\u0131\u015fm\u0131yor - Tekirda\u011f Bosch Servisi\" \/>\n<meta property=\"og:description\" content=\"Bosch Kurutma Makinesi \u00c7al\u0131\u015fm\u0131yor Sorunu ve \u00c7\u00f6z\u00fcm \u00d6nerileri Yaz\u0131m\u0131z\u0131n \u0130\u00e7eri\u011findedir. Tekirda\u011f Bosch Beyaz E\u015fya Servisi 0282 263 22 96.\" \/>\n<meta property=\"og:url\" content=\"https:\/\/tekirdagboschservisi.com.tr\/index.php\/2024\/03\/27\/bosch-kurutma-makinesi-calismiyor\/\" \/>\n<meta property=\"og:site_name\" content=\"Tekirda\u011f Bosch Servisi\" \/>\n<meta property=\"article:published_time\" content=\"2024-03-27T13:32:46+00:00\" \/>\n<meta property=\"og:image\" content=\"https:\/\/tekirdagboschservisi.com.tr\/wp-content\/uploads\/2024\/03\/bosch-kurutma-makinesi-2.jpg\" \/>\n<meta name=\"author\" content=\"admin\" \/>\n<meta name=\"twitter:card\" content=\"summary_large_image\" \/>\n<meta name=\"twitter:label1\" content=\"Yazan:\" \/>\n\t<meta name=\"twitter:data1\" content=\"admin\" \/>\n\t<meta name=\"twitter:label2\" content=\"Tahmini okuma s\u00fcresi\" \/>\n\t<meta name=\"twitter:data2\" content=\"2 dakika\" \/>\n<script type=\"application\/ld+json\" class=\"yoast-schema-graph\">{\"@context\":\"https:\\\/\\\/schema.org\",\"@graph\":[{\"@type\":\"Article\",\"@id\":\"https:\\\/\\\/tekirdagboschservisi.com.tr\\\/index.php\\\/2024\\\/03\\\/27\\\/bosch-kurutma-makinesi-calismiyor\\\/#article\",\"isPartOf\":{\"@id\":\"https:\\\/\\\/tekirdagboschservisi.com.tr\\\/index.php\\\/2024\\\/03\\\/27\\\/bosch-kurutma-makinesi-calismiyor\\\/\"},\"author\":{\"name\":\"admin\",\"@id\":\"https:\\\/\\\/tekirdagboschservisi.com.tr\\\/#\\\/schema\\\/person\\\/edc9799f1a76b681707496086fab3ebe\"},\"headline\":\"Bosch Kurutma Makinesi \u00c7al\u0131\u015fm\u0131yor\",\"datePublished\":\"2024-03-27T13:32:46+00:00\",\"mainEntityOfPage\":{\"@id\":\"https:\\\/\\\/tekirdagboschservisi.com.tr\\\/index.php\\\/2024\\\/03\\\/27\\\/bosch-kurutma-makinesi-calismiyor\\\/\"},\"wordCount\":407,\"commentCount\":0,\"publisher\":{\"@id\":\"https:\\\/\\\/tekirdagboschservisi.com.tr\\\/#organization\"},\"image\":{\"@id\":\"https:\\\/\\\/tekirdagboschservisi.com.tr\\\/index.php\\\/2024\\\/03\\\/27\\\/bosch-kurutma-makinesi-calismiyor\\\/#primaryimage\"},\"thumbnailUrl\":\"https:\\\/\\\/tekirdagboschservisi.com.tr\\\/wp-content\\\/uploads\\\/2024\\\/03\\\/bosch-kurutma-makinesi-2.jpg\",\"keywords\":[\"Bosch Kurutma Makinesi Ar\u0131za\",\"Bosch Kurutma Makinesi Ar\u0131zalar\u0131\",\"Bosch Kurutma Makinesi \u00c7al\u0131\u015fm\u0131yor\",\"Bosch Kurutma Makinesi \u00c7al\u0131\u015fm\u0131yor Sorunu\",\"Bosch Kurutma Makinesi \u00c7al\u0131\u015fm\u0131yor sorunu ve \u00c7\u00f6z\u00fcm yollar\u0131\"],\"articleSection\":[\"Tekirda\u011f Bosch Kurutma Makinesi Servisi\"],\"inLanguage\":\"tr\",\"potentialAction\":[{\"@type\":\"CommentAction\",\"name\":\"Comment\",\"target\":[\"https:\\\/\\\/tekirdagboschservisi.com.tr\\\/index.php\\\/2024\\\/03\\\/27\\\/bosch-kurutma-makinesi-calismiyor\\\/#respond\"]}]},{\"@type\":\"WebPage\",\"@id\":\"https:\\\/\\\/tekirdagboschservisi.com.tr\\\/index.php\\\/2024\\\/03\\\/27\\\/bosch-kurutma-makinesi-calismiyor\\\/\",\"url\":\"https:\\\/\\\/tekirdagboschservisi.com.tr\\\/index.php\\\/2024\\\/03\\\/27\\\/bosch-kurutma-makinesi-calismiyor\\\/\",\"name\":\"Bosch Kurutma Makinesi \u00c7al\u0131\u015fm\u0131yor - Tekirda\u011f Bosch Servisi\",\"isPartOf\":{\"@id\":\"https:\\\/\\\/tekirdagboschservisi.com.tr\\\/#website\"},\"primaryImageOfPage\":{\"@id\":\"https:\\\/\\\/tekirdagboschservisi.com.tr\\\/index.php\\\/2024\\\/03\\\/27\\\/bosch-kurutma-makinesi-calismiyor\\\/#primaryimage\"},\"image\":{\"@id\":\"https:\\\/\\\/tekirdagboschservisi.com.tr\\\/index.php\\\/2024\\\/03\\\/27\\\/bosch-kurutma-makinesi-calismiyor\\\/#primaryimage\"},\"thumbnailUrl\":\"https:\\\/\\\/tekirdagboschservisi.com.tr\\\/wp-content\\\/uploads\\\/2024\\\/03\\\/bosch-kurutma-makinesi-2.jpg\",\"datePublished\":\"2024-03-27T13:32:46+00:00\",\"description\":\"Bosch Kurutma Makinesi \u00c7al\u0131\u015fm\u0131yor Sorunu ve \u00c7\u00f6z\u00fcm \u00d6nerileri Yaz\u0131m\u0131z\u0131n \u0130\u00e7eri\u011findedir. Tekirda\u011f Bosch Beyaz E\u015fya Servisi 0282 263 22 96.\",\"breadcrumb\":{\"@id\":\"https:\\\/\\\/tekirdagboschservisi.com.tr\\\/index.php\\\/2024\\\/03\\\/27\\\/bosch-kurutma-makinesi-calismiyor\\\/#breadcrumb\"},\"inLanguage\":\"tr\",\"potentialAction\":[{\"@type\":\"ReadAction\",\"target\":[\"https:\\\/\\\/tekirdagboschservisi.com.tr\\\/index.php\\\/2024\\\/03\\\/27\\\/bosch-kurutma-makinesi-calismiyor\\\/\"]}]},{\"@type\":\"ImageObject\",\"inLanguage\":\"tr\",\"@id\":\"https:\\\/\\\/tekirdagboschservisi.com.tr\\\/index.php\\\/2024\\\/03\\\/27\\\/bosch-kurutma-makinesi-calismiyor\\\/#primaryimage\",\"url\":\"https:\\\/\\\/tekirdagboschservisi.com.tr\\\/wp-content\\\/uploads\\\/2024\\\/03\\\/bosch-kurutma-makinesi-2.jpg\",\"contentUrl\":\"https:\\\/\\\/tekirdagboschservisi.com.tr\\\/wp-content\\\/uploads\\\/2024\\\/03\\\/bosch-kurutma-makinesi-2.jpg\",\"width\":584,\"height\":375},{\"@type\":\"BreadcrumbList\",\"@id\":\"https:\\\/\\\/tekirdagboschservisi.com.tr\\\/index.php\\\/2024\\\/03\\\/27\\\/bosch-kurutma-makinesi-calismiyor\\\/#breadcrumb\",\"itemListElement\":[{\"@type\":\"ListItem\",\"position\":1,\"name\":\"Anasayfa\",\"item\":\"https:\\\/\\\/tekirdagboschservisi.com.tr\\\/\"},{\"@type\":\"ListItem\",\"position\":2,\"name\":\"Bosch Kurutma Makinesi \u00c7al\u0131\u015fm\u0131yor\"}]},{\"@type\":\"WebSite\",\"@id\":\"https:\\\/\\\/tekirdagboschservisi.com.tr\\\/#website\",\"url\":\"https:\\\/\\\/tekirdagboschservisi.com.tr\\\/\",\"name\":\"Tekirda\u011f Bosch Servisi\",\"description\":\"0282 263 22 96\",\"publisher\":{\"@id\":\"https:\\\/\\\/tekirdagboschservisi.com.tr\\\/#organization\"},\"potentialAction\":[{\"@type\":\"SearchAction\",\"target\":{\"@type\":\"EntryPoint\",\"urlTemplate\":\"https:\\\/\\\/tekirdagboschservisi.com.tr\\\/?s={search_term_string}\"},\"query-input\":{\"@type\":\"PropertyValueSpecification\",\"valueRequired\":true,\"valueName\":\"search_term_string\"}}],\"inLanguage\":\"tr\"},{\"@type\":\"Organization\",\"@id\":\"https:\\\/\\\/tekirdagboschservisi.com.tr\\\/#organization\",\"name\":\"Tekirda\u011f Bosch Servisi\",\"url\":\"https:\\\/\\\/tekirdagboschservisi.com.tr\\\/\",\"logo\":{\"@type\":\"ImageObject\",\"inLanguage\":\"tr\",\"@id\":\"https:\\\/\\\/tekirdagboschservisi.com.tr\\\/#\\\/schema\\\/logo\\\/image\\\/\",\"url\":\"https:\\\/\\\/tekirdagboschservisi.com.tr\\\/wp-content\\\/uploads\\\/2024\\\/03\\\/7502c4fab3c11f90ed12b06b5e7b138d-1.jpg\",\"contentUrl\":\"https:\\\/\\\/tekirdagboschservisi.com.tr\\\/wp-content\\\/uploads\\\/2024\\\/03\\\/7502c4fab3c11f90ed12b06b5e7b138d-1.jpg\",\"width\":250,\"height\":92,\"caption\":\"Tekirda\u011f Bosch Servisi\"},\"image\":{\"@id\":\"https:\\\/\\\/tekirdagboschservisi.com.tr\\\/#\\\/schema\\\/logo\\\/image\\\/\"}},{\"@type\":\"Person\",\"@id\":\"https:\\\/\\\/tekirdagboschservisi.com.tr\\\/#\\\/schema\\\/person\\\/edc9799f1a76b681707496086fab3ebe\",\"name\":\"admin\",\"image\":{\"@type\":\"ImageObject\",\"inLanguage\":\"tr\",\"@id\":\"https:\\\/\\\/secure.gravatar.com\\\/avatar\\\/db70c2b6f6e9a750c63863236e8b79698035aa5b561aef5deda998a2b8dbe5b4?s=96&d=mm&r=g\",\"url\":\"https:\\\/\\\/secure.gravatar.com\\\/avatar\\\/db70c2b6f6e9a750c63863236e8b79698035aa5b561aef5deda998a2b8dbe5b4?s=96&d=mm&r=g\",\"contentUrl\":\"https:\\\/\\\/secure.gravatar.com\\\/avatar\\\/db70c2b6f6e9a750c63863236e8b79698035aa5b561aef5deda998a2b8dbe5b4?s=96&d=mm&r=g\",\"caption\":\"admin\"},\"sameAs\":[\"https:\\\/\\\/tekirdagboschservisi.com.tr\"],\"url\":\"https:\\\/\\\/tekirdagboschservisi.com.tr\\\/index.php\\\/author\\\/bosch-tekirdag\\\/\"}]}<\/script>\n<!-- \/ Yoast SEO plugin. -->","yoast_head_json":{"title":"Bosch Kurutma Makinesi \u00c7al\u0131\u015fm\u0131yor - Tekirda\u011f Bosch Servisi","description":"Bosch Kurutma Makinesi \u00c7al\u0131\u015fm\u0131yor Sorunu ve \u00c7\u00f6z\u00fcm \u00d6nerileri Yaz\u0131m\u0131z\u0131n \u0130\u00e7eri\u011findedir. Tekirda\u011f Bosch Beyaz E\u015fya Servisi 0282 263 22 96.","robots":{"index":"index","follow":"follow","max-snippet":"max-snippet:-1","max-image-preview":"max-image-preview:large","max-video-preview":"max-video-preview:-1"},"canonical":"https:\/\/tekirdagboschservisi.com.tr\/index.php\/2024\/03\/27\/bosch-kurutma-makinesi-calismiyor\/","og_locale":"tr_TR","og_type":"article","og_title":"Bosch Kurutma Makinesi \u00c7al\u0131\u015fm\u0131yor - Tekirda\u011f Bosch Servisi","og_description":"Bosch Kurutma Makinesi \u00c7al\u0131\u015fm\u0131yor Sorunu ve \u00c7\u00f6z\u00fcm \u00d6nerileri Yaz\u0131m\u0131z\u0131n \u0130\u00e7eri\u011findedir. Tekirda\u011f Bosch Beyaz E\u015fya Servisi 0282 263 22 96.","og_url":"https:\/\/tekirdagboschservisi.com.tr\/index.php\/2024\/03\/27\/bosch-kurutma-makinesi-calismiyor\/","og_site_name":"Tekirda\u011f Bosch Servisi","article_published_time":"2024-03-27T13:32:46+00:00","og_image":[{"url":"https:\/\/tekirdagboschservisi.com.tr\/wp-content\/uploads\/2024\/03\/bosch-kurutma-makinesi-2.jpg","type":"","width":"","height":""}],"author":"admin","twitter_card":"summary_large_image","twitter_misc":{"Yazan:":"admin","Tahmini okuma s\u00fcresi":"2 dakika"},"schema":{"@context":"https:\/\/schema.org","@graph":[{"@type":"Article","@id":"https:\/\/tekirdagboschservisi.com.tr\/index.php\/2024\/03\/27\/bosch-kurutma-makinesi-calismiyor\/#article","isPartOf":{"@id":"https:\/\/tekirdagboschservisi.com.tr\/index.php\/2024\/03\/27\/bosch-kurutma-makinesi-calismiyor\/"},"author":{"name":"admin","@id":"https:\/\/tekirdagboschservisi.com.tr\/#\/schema\/person\/edc9799f1a76b681707496086fab3ebe"},"headline":"Bosch Kurutma Makinesi \u00c7al\u0131\u015fm\u0131yor","datePublished":"2024-03-27T13:32:46+00:00","mainEntityOfPage":{"@id":"https:\/\/tekirdagboschservisi.com.tr\/index.php\/2024\/03\/27\/bosch-kurutma-makinesi-calismiyor\/"},"wordCount":407,"commentCount":0,"publisher":{"@id":"https:\/\/tekirdagboschservisi.com.tr\/#organization"},"image":{"@id":"https:\/\/tekirdagboschservisi.com.tr\/index.php\/2024\/03\/27\/bosch-kurutma-makinesi-calismiyor\/#primaryimage"},"thumbnailUrl":"https:\/\/tekirdagboschservisi.com.tr\/wp-content\/uploads\/2024\/03\/bosch-kurutma-makinesi-2.jpg","keywords":["Bosch Kurutma Makinesi Ar\u0131za","Bosch Kurutma Makinesi Ar\u0131zalar\u0131","Bosch Kurutma Makinesi \u00c7al\u0131\u015fm\u0131yor","Bosch Kurutma Makinesi \u00c7al\u0131\u015fm\u0131yor Sorunu","Bosch Kurutma Makinesi \u00c7al\u0131\u015fm\u0131yor sorunu ve \u00c7\u00f6z\u00fcm yollar\u0131"],"articleSection":["Tekirda\u011f Bosch Kurutma Makinesi Servisi"],"inLanguage":"tr","potentialAction":[{"@type":"CommentAction","name":"Comment","target":["https:\/\/tekirdagboschservisi.com.tr\/index.php\/2024\/03\/27\/bosch-kurutma-makinesi-calismiyor\/#respond"]}]},{"@type":"WebPage","@id":"https:\/\/tekirdagboschservisi.com.tr\/index.php\/2024\/03\/27\/bosch-kurutma-makinesi-calismiyor\/","url":"https:\/\/tekirdagboschservisi.com.tr\/index.php\/2024\/03\/27\/bosch-kurutma-makinesi-calismiyor\/","name":"Bosch Kurutma Makinesi \u00c7al\u0131\u015fm\u0131yor - Tekirda\u011f Bosch Servisi","isPartOf":{"@id":"https:\/\/tekirdagboschservisi.com.tr\/#website"},"primaryImageOfPage":{"@id":"https:\/\/tekirdagboschservisi.com.tr\/index.php\/2024\/03\/27\/bosch-kurutma-makinesi-calismiyor\/#primaryimage"},"image":{"@id":"https:\/\/tekirdagboschservisi.com.tr\/index.php\/2024\/03\/27\/bosch-kurutma-makinesi-calismiyor\/#primaryimage"},"thumbnailUrl":"https:\/\/tekirdagboschservisi.com.tr\/wp-content\/uploads\/2024\/03\/bosch-kurutma-makinesi-2.jpg","datePublished":"2024-03-27T13:32:46+00:00","description":"Bosch Kurutma Makinesi \u00c7al\u0131\u015fm\u0131yor Sorunu ve \u00c7\u00f6z\u00fcm \u00d6nerileri Yaz\u0131m\u0131z\u0131n \u0130\u00e7eri\u011findedir. Tekirda\u011f Bosch Beyaz E\u015fya Servisi 0282 263 22 96.","breadcrumb":{"@id":"https:\/\/tekirdagboschservisi.com.tr\/index.php\/2024\/03\/27\/bosch-kurutma-makinesi-calismiyor\/#breadcrumb"},"inLanguage":"tr","potentialAction":[{"@type":"ReadAction","target":["https:\/\/tekirdagboschservisi.com.tr\/index.php\/2024\/03\/27\/bosch-kurutma-makinesi-calismiyor\/"]}]},{"@type":"ImageObject","inLanguage":"tr","@id":"https:\/\/tekirdagboschservisi.com.tr\/index.php\/2024\/03\/27\/bosch-kurutma-makinesi-calismiyor\/#primaryimage","url":"https:\/\/tekirdagboschservisi.com.tr\/wp-content\/uploads\/2024\/03\/bosch-kurutma-makinesi-2.jpg","contentUrl":"https:\/\/tekirdagboschservisi.com.tr\/wp-content\/uploads\/2024\/03\/bosch-kurutma-makinesi-2.jpg","width":584,"height":375},{"@type":"BreadcrumbList","@id":"https:\/\/tekirdagboschservisi.com.tr\/index.php\/2024\/03\/27\/bosch-kurutma-makinesi-calismiyor\/#breadcrumb","itemListElement":[{"@type":"ListItem","position":1,"name":"Anasayfa","item":"https:\/\/tekirdagboschservisi.com.tr\/"},{"@type":"ListItem","position":2,"name":"Bosch Kurutma Makinesi \u00c7al\u0131\u015fm\u0131yor"}]},{"@type":"WebSite","@id":"https:\/\/tekirdagboschservisi.com.tr\/#website","url":"https:\/\/tekirdagboschservisi.com.tr\/","name":"Tekirda\u011f Bosch Servisi","description":"0282 263 22 96","publisher":{"@id":"https:\/\/tekirdagboschservisi.com.tr\/#organization"},"potentialAction":[{"@type":"SearchAction","target":{"@type":"EntryPoint","urlTemplate":"https:\/\/tekirdagboschservisi.com.tr\/?s={search_term_string}"},"query-input":{"@type":"PropertyValueSpecification","valueRequired":true,"valueName":"search_term_string"}}],"inLanguage":"tr"},{"@type":"Organization","@id":"https:\/\/tekirdagboschservisi.com.tr\/#organization","name":"Tekirda\u011f Bosch Servisi","url":"https:\/\/tekirdagboschservisi.com.tr\/","logo":{"@type":"ImageObject","inLanguage":"tr","@id":"https:\/\/tekirdagboschservisi.com.tr\/#\/schema\/logo\/image\/","url":"https:\/\/tekirdagboschservisi.com.tr\/wp-content\/uploads\/2024\/03\/7502c4fab3c11f90ed12b06b5e7b138d-1.jpg","contentUrl":"https:\/\/tekirdagboschservisi.com.tr\/wp-content\/uploads\/2024\/03\/7502c4fab3c11f90ed12b06b5e7b138d-1.jpg","width":250,"height":92,"caption":"Tekirda\u011f Bosch Servisi"},"image":{"@id":"https:\/\/tekirdagboschservisi.com.tr\/#\/schema\/logo\/image\/"}},{"@type":"Person","@id":"https:\/\/tekirdagboschservisi.com.tr\/#\/schema\/person\/edc9799f1a76b681707496086fab3ebe","name":"admin","image":{"@type":"ImageObject","inLanguage":"tr","@id":"https:\/\/secure.gravatar.com\/avatar\/db70c2b6f6e9a750c63863236e8b79698035aa5b561aef5deda998a2b8dbe5b4?s=96&d=mm&r=g","url":"https:\/\/secure.gravatar.com\/avatar\/db70c2b6f6e9a750c63863236e8b79698035aa5b561aef5deda998a2b8dbe5b4?s=96&d=mm&r=g","contentUrl":"https:\/\/secure.gravatar.com\/avatar\/db70c2b6f6e9a750c63863236e8b79698035aa5b561aef5deda998a2b8dbe5b4?s=96&d=mm&r=g","caption":"admin"},"sameAs":["https:\/\/tekirdagboschservisi.com.tr"],"url":"https:\/\/tekirdagboschservisi.com.tr\/index.php\/author\/bosch-tekirdag\/"}]}},"_links":{"self":[{"href":"https:\/\/tekirdagboschservisi.com.tr\/index.php\/wp-json\/wp\/v2\/posts\/334","targetHints":{"allow":["GET"]}}],"collection":[{"href":"https:\/\/tekirdagboschservisi.com.tr\/index.php\/wp-json\/wp\/v2\/posts"}],"about":[{"href":"https:\/\/tekirdagboschservisi.com.tr\/index.php\/wp-json\/wp\/v2\/types\/post"}],"author":[{"embeddable":true,"href":"https:\/\/tekirdagboschservisi.com.tr\/index.php\/wp-json\/wp\/v2\/users\/1"}],"replies":[{"embeddable":true,"href":"https:\/\/tekirdagboschservisi.com.tr\/index.php\/wp-json\/wp\/v2\/comments?post=334"}],"version-history":[{"count":1,"href":"https:\/\/tekirdagboschservisi.com.tr\/index.php\/wp-json\/wp\/v2\/posts\/334\/revisions"}],"predecessor-version":[{"id":335,"href":"https:\/\/tekirdagboschservisi.com.tr\/index.php\/wp-json\/wp\/v2\/posts\/334\/revisions\/335"}],"wp:attachment":[{"href":"https:\/\/tekirdagboschservisi.com.tr\/index.php\/wp-json\/wp\/v2\/media?parent=334"}],"wp:term":[{"taxonomy":"category","embeddable":true,"href":"https:\/\/tekirdagboschservisi.com.tr\/index.php\/wp-json\/wp\/v2\/categories?post=334"},{"taxonomy":"post_tag","embeddable":true,"href":"https:\/\/tekirdagboschservisi.com.tr\/index.php\/wp-json\/wp\/v2\/tags?post=334"}],"curies":[{"name":"wp","href":"https:\/\/api.w.org\/{rel}","templated":true}]}}