{"id":330,"date":"2024-03-27T12:55:57","date_gmt":"2024-03-27T12:55:57","guid":{"rendered":"https:\/\/tekirdagboschservisi.com.tr\/?p=330"},"modified":"2024-03-27T12:55:57","modified_gmt":"2024-03-27T12:55:57","slug":"kurutma-makinesinin-tamburu-donmuyor","status":"publish","type":"post","link":"https:\/\/tekirdagboschservisi.com.tr\/index.php\/2024\/03\/27\/kurutma-makinesinin-tamburu-donmuyor\/","title":{"rendered":"Kurutma Makinesinin Tamburu D\u00f6nm\u00fcyor"},"content":{"rendered":"<p><img fetchpriority=\"high\" decoding=\"async\" class=\"aligncenter wp-image-213 size-full\" src=\"https:\/\/tekirdagboschservisi.com.tr\/wp-content\/uploads\/2024\/03\/bosch-kurutma-makinesi-2.jpg\" alt=\"Kurutma Makinesinin Tamburu D\u00f6nm\u00fcyor\" width=\"584\" height=\"375\" srcset=\"https:\/\/tekirdagboschservisi.com.tr\/wp-content\/uploads\/2024\/03\/bosch-kurutma-makinesi-2.jpg 584w, https:\/\/tekirdagboschservisi.com.tr\/wp-content\/uploads\/2024\/03\/bosch-kurutma-makinesi-2-300x193.jpg 300w\" sizes=\"(max-width: 584px) 100vw, 584px\" \/><\/p>\n<p><strong>Bosch Kurutma Makinesinin Tamburu D\u00f6nm\u00fcyor Sorunu ve \u00c7\u00f6z\u00fcm \u00d6nerileri<\/strong><\/p>\n<p><a href=\"https:\/\/tekirdagboschservisi.com.tr\/index.php\/tekirdag-bosch-beyaz-esya-servisi-2\/bosch-kurutma-makinesi-servisi\/\">Bosch<\/a> kurutma makinesinin tamburu d\u00f6nm\u00fcyorsa, kullan\u0131c\u0131lar i\u00e7in can s\u0131k\u0131c\u0131 bir sorundur \u00e7\u00fcnk\u00fc \u00e7ama\u015f\u0131rlar\u0131n do\u011fru \u015fekilde kurutulmas\u0131n\u0131 engeller. Bu sorunun birka\u00e7 yayg\u0131n nedeni vard\u0131r ve do\u011fru \u00e7\u00f6z\u00fcm \u00f6nerileri uygulanarak genellikle \u00e7\u00f6z\u00fclebilir. \u0130\u015fte bu sorunun nedenleri ve \u00e7\u00f6z\u00fcm \u00f6nerileri:<\/p>\n<p><strong>Sorunun Nedenleri:<\/strong><\/p>\n<ol>\n<li><strong>Kay\u0131\u015f Ar\u0131zas\u0131:<\/strong> <a href=\"https:\/\/garanti-teknik.com\/index.php\/bosch-beyaz-esya-servisi\/bosch-kurutma-makinesi-servisi\/\">Kurutma<\/a> makinesinin tamburunu d\u00f6nd\u00fcren kay\u0131\u015f\u0131n kopmas\u0131 veya gev\u015femesi, tamburun d\u00f6nmesini engeller.<\/li>\n<li><strong>Motor Ar\u0131zas\u0131:<\/strong> Kurutma makinesinin motorunda bir ar\u0131za varsa, tambur d\u00f6nmez ve kurutma i\u015flemi ger\u00e7ekle\u015fmez.<\/li>\n<li><strong>Motor Kapas\u00f6r\u00fc Ar\u0131zas\u0131:<\/strong> Motor kapas\u00f6r\u00fcn\u00fcn ar\u0131zal\u0131 olmas\u0131, motorun tamburu d\u00f6nd\u00fcrme yetene\u011fini etkiler.<\/li>\n<li><strong>K\u0131r\u0131k veya S\u0131k\u0131\u015fm\u0131\u015f Par\u00e7alar:<\/strong> Tamburun alt\u0131nda veya etraf\u0131nda k\u0131r\u0131k veya s\u0131k\u0131\u015f\u0131k par\u00e7alar varsa, tamburun d\u00f6nmesini engeller.<\/li>\n<\/ol>\n<p><strong>\u00c7\u00f6z\u00fcm \u00d6nerileri:<\/strong><\/p>\n<ol>\n<li><strong>Kay\u0131\u015f\u0131 Kontrol Edin:<\/strong> Kurutma makinesinin arkas\u0131n\u0131 a\u00e7\u0131n ve kay\u0131\u015f\u0131n kopuk, gev\u015fek veya yerinden \u00e7\u0131k\u0131k olup olmad\u0131\u011f\u0131n\u0131 kontrol edin. E\u011fer kay\u0131\u015f ar\u0131zal\u0131ysa, de\u011fi\u015ftirilmesi gerekir.<\/li>\n<li><strong>Motoru Kontrol Edin:<\/strong> Kurutma makinesinin motorunu kontrol edin ve herhangi bir fiziksel hasar olup olmad\u0131\u011f\u0131n\u0131 veya motorun d\u00f6n\u00fcp d\u00f6nmedi\u011fini kontrol edin. E\u011fer motor \u00e7al\u0131\u015fm\u0131yorsa, profesyonel bir teknisyenle ileti\u015fime ge\u00e7in.<\/li>\n<li><strong>Motor Kapas\u00f6r\u00fcn\u00fc Kontrol Edin:<\/strong> Motor kapas\u00f6r\u00fcn\u00fc test edin ve ar\u0131zal\u0131 oldu\u011funu d\u00fc\u015f\u00fcn\u00fcyorsan\u0131z de\u011fi\u015ftirin. Kapas\u00f6r ar\u0131zal\u0131ysa, motor tamburun d\u00f6nmesi i\u00e7in gerekli enerjiyi sa\u011flayamaz.<\/li>\n<li><strong>Par\u00e7alar\u0131 Kontrol Edin:<\/strong> Tamburun alt\u0131nda veya etraf\u0131nda k\u0131r\u0131k veya s\u0131k\u0131\u015fm\u0131\u015f par\u00e7alar\u0131 kontrol edin. Gerekirse, bu par\u00e7alar\u0131 de\u011fi\u015ftirin veya onar\u0131n.<\/li>\n<li><strong>Yetkili Servise Ba\u015fvurun:<\/strong> Yukar\u0131daki ad\u0131mlar\u0131 uygulaman\u0131za ra\u011fmen sorun devam ediyorsa. Bosch yetkili bir servis teknisyenine dan\u0131\u015f\u0131n. Uzmanlar, sorunun nedenini belirler ve gerekli tamirat\u0131 ger\u00e7ekle\u015ftirirler.<\/li>\n<\/ol>\n<p>Bosch kurutma makinesinin tamburu d\u00f6nm\u00fcyor sorunuyla kar\u015f\u0131la\u015ft\u0131\u011f\u0131n\u0131zda, yukar\u0131daki \u00e7\u00f6z\u00fcm \u00f6nerilerini uygulayarak sorunu \u00e7\u00f6zmeye \u00e7al\u0131\u015f\u0131n. Ancak, sorunun devam etmesi durumunda veya ciddi bir ar\u0131za varsa, profesyonel bir teknisyenin yard\u0131m\u0131n\u0131 almal\u0131s\u0131n\u0131z.<\/p>\n","protected":false},"excerpt":{"rendered":"<p>Bosch Kurutma Makinesinin Tamburu D\u00f6nm\u00fcyor Sorunu ve \u00c7\u00f6z\u00fcm \u00d6nerileri Bosch kurutma makinesinin tamburu d\u00f6nm\u00fcyorsa, kullan\u0131c\u0131lar i\u00e7in can s\u0131k\u0131c\u0131 bir sorundur \u00e7\u00fcnk\u00fc \u00e7ama\u015f\u0131rlar\u0131n do\u011fru \u015fekilde kurutulmas\u0131n\u0131 [&hellip;]<\/p>\n","protected":false},"author":1,"featured_media":0,"comment_status":"open","ping_status":"open","sticky":false,"template":"","format":"standard","meta":{"footnotes":""},"categories":[140],"tags":[146,145,156,157,158,155],"class_list":["post-330","post","type-post","status-publish","format-standard","hentry","category-tekirdag-bosch-kurutma-makinesi-servisi","tag-bosch-kurutma-makinesi-ariza","tag-bosch-kurutma-makinesi-arizalari","tag-bosch-kurutma-makinesinin-tamburu-donmuyor","tag-bosch-kurutma-makinesinin-tamburu-donmuyor-sorunu","tag-bosch-kurutma-makinesinin-tamburu-donmuyor-sorunu-ve-cozum-yollari","tag-kurutma-makinesinin-tamburu-donmuyor"],"yoast_head":"<!-- This site is optimized with the Yoast SEO plugin v27.5 - https:\/\/yoast.com\/product\/yoast-seo-wordpress\/ -->\n<title>Kurutma Makinesinin Tamburu D\u00f6nm\u00fcyor - Tekirda\u011f Bosch Servisi<\/title>\n<meta name=\"description\" content=\"Bosch Kurutma Makinesinin Tamburu D\u00f6nm\u00fcyor Sorunu ve \u00c7\u00f6z\u00fcm Yollar\u0131 Yaz\u0131m\u0131z\u0131n \u0130\u00e7eri\u011findedir. Tekirda\u011f Bosch Beyaz E\u015fya Servisi 0282 263 22 96.\" \/>\n<meta name=\"robots\" content=\"index, follow, max-snippet:-1, max-image-preview:large, max-video-preview:-1\" \/>\n<link rel=\"canonical\" href=\"https:\/\/tekirdagboschservisi.com.tr\/index.php\/2024\/03\/27\/kurutma-makinesinin-tamburu-donmuyor\/\" \/>\n<meta property=\"og:locale\" content=\"tr_TR\" \/>\n<meta property=\"og:type\" content=\"article\" \/>\n<meta property=\"og:title\" content=\"Kurutma Makinesinin Tamburu D\u00f6nm\u00fcyor - Tekirda\u011f Bosch Servisi\" \/>\n<meta property=\"og:description\" content=\"Bosch Kurutma Makinesinin Tamburu D\u00f6nm\u00fcyor Sorunu ve \u00c7\u00f6z\u00fcm Yollar\u0131 Yaz\u0131m\u0131z\u0131n \u0130\u00e7eri\u011findedir. Tekirda\u011f Bosch Beyaz E\u015fya Servisi 0282 263 22 96.\" \/>\n<meta property=\"og:url\" content=\"https:\/\/tekirdagboschservisi.com.tr\/index.php\/2024\/03\/27\/kurutma-makinesinin-tamburu-donmuyor\/\" \/>\n<meta property=\"og:site_name\" content=\"Tekirda\u011f Bosch Servisi\" \/>\n<meta property=\"article:published_time\" content=\"2024-03-27T12:55:57+00:00\" \/>\n<meta property=\"og:image\" content=\"https:\/\/tekirdagboschservisi.com.tr\/wp-content\/uploads\/2024\/03\/bosch-kurutma-makinesi-2.jpg\" \/>\n<meta name=\"author\" content=\"admin\" \/>\n<meta name=\"twitter:card\" content=\"summary_large_image\" \/>\n<meta name=\"twitter:label1\" content=\"Yazan:\" \/>\n\t<meta name=\"twitter:data1\" content=\"admin\" \/>\n\t<meta name=\"twitter:label2\" content=\"Tahmini okuma s\u00fcresi\" \/>\n\t<meta name=\"twitter:data2\" content=\"2 dakika\" \/>\n<script type=\"application\/ld+json\" class=\"yoast-schema-graph\">{\"@context\":\"https:\\\/\\\/schema.org\",\"@graph\":[{\"@type\":\"Article\",\"@id\":\"https:\\\/\\\/tekirdagboschservisi.com.tr\\\/index.php\\\/2024\\\/03\\\/27\\\/kurutma-makinesinin-tamburu-donmuyor\\\/#article\",\"isPartOf\":{\"@id\":\"https:\\\/\\\/tekirdagboschservisi.com.tr\\\/index.php\\\/2024\\\/03\\\/27\\\/kurutma-makinesinin-tamburu-donmuyor\\\/\"},\"author\":{\"name\":\"admin\",\"@id\":\"https:\\\/\\\/tekirdagboschservisi.com.tr\\\/#\\\/schema\\\/person\\\/edc9799f1a76b681707496086fab3ebe\"},\"headline\":\"Kurutma Makinesinin Tamburu D\u00f6nm\u00fcyor\",\"datePublished\":\"2024-03-27T12:55:57+00:00\",\"mainEntityOfPage\":{\"@id\":\"https:\\\/\\\/tekirdagboschservisi.com.tr\\\/index.php\\\/2024\\\/03\\\/27\\\/kurutma-makinesinin-tamburu-donmuyor\\\/\"},\"wordCount\":385,\"commentCount\":0,\"publisher\":{\"@id\":\"https:\\\/\\\/tekirdagboschservisi.com.tr\\\/#organization\"},\"image\":{\"@id\":\"https:\\\/\\\/tekirdagboschservisi.com.tr\\\/index.php\\\/2024\\\/03\\\/27\\\/kurutma-makinesinin-tamburu-donmuyor\\\/#primaryimage\"},\"thumbnailUrl\":\"https:\\\/\\\/tekirdagboschservisi.com.tr\\\/wp-content\\\/uploads\\\/2024\\\/03\\\/bosch-kurutma-makinesi-2.jpg\",\"keywords\":[\"Bosch Kurutma Makinesi Ar\u0131za\",\"Bosch Kurutma Makinesi Ar\u0131zalar\u0131\",\"Bosch Kurutma Makinesinin Tamburu D\u00f6nm\u00fcyor\",\"Bosch Kurutma Makinesinin Tamburu D\u00f6nm\u00fcyor Sorunu\",\"Bosch Kurutma Makinesinin Tamburu D\u00f6nm\u00fcyor Sorunu ve \u00c7\u00f6z\u00fcm Yollar\u0131\",\"Kurutma Makinesinin Tamburu D\u00f6nm\u00fcyor\"],\"articleSection\":[\"Tekirda\u011f Bosch Kurutma Makinesi Servisi\"],\"inLanguage\":\"tr\",\"potentialAction\":[{\"@type\":\"CommentAction\",\"name\":\"Comment\",\"target\":[\"https:\\\/\\\/tekirdagboschservisi.com.tr\\\/index.php\\\/2024\\\/03\\\/27\\\/kurutma-makinesinin-tamburu-donmuyor\\\/#respond\"]}]},{\"@type\":\"WebPage\",\"@id\":\"https:\\\/\\\/tekirdagboschservisi.com.tr\\\/index.php\\\/2024\\\/03\\\/27\\\/kurutma-makinesinin-tamburu-donmuyor\\\/\",\"url\":\"https:\\\/\\\/tekirdagboschservisi.com.tr\\\/index.php\\\/2024\\\/03\\\/27\\\/kurutma-makinesinin-tamburu-donmuyor\\\/\",\"name\":\"Kurutma Makinesinin Tamburu D\u00f6nm\u00fcyor - Tekirda\u011f Bosch Servisi\",\"isPartOf\":{\"@id\":\"https:\\\/\\\/tekirdagboschservisi.com.tr\\\/#website\"},\"primaryImageOfPage\":{\"@id\":\"https:\\\/\\\/tekirdagboschservisi.com.tr\\\/index.php\\\/2024\\\/03\\\/27\\\/kurutma-makinesinin-tamburu-donmuyor\\\/#primaryimage\"},\"image\":{\"@id\":\"https:\\\/\\\/tekirdagboschservisi.com.tr\\\/index.php\\\/2024\\\/03\\\/27\\\/kurutma-makinesinin-tamburu-donmuyor\\\/#primaryimage\"},\"thumbnailUrl\":\"https:\\\/\\\/tekirdagboschservisi.com.tr\\\/wp-content\\\/uploads\\\/2024\\\/03\\\/bosch-kurutma-makinesi-2.jpg\",\"datePublished\":\"2024-03-27T12:55:57+00:00\",\"description\":\"Bosch Kurutma Makinesinin Tamburu D\u00f6nm\u00fcyor Sorunu ve \u00c7\u00f6z\u00fcm Yollar\u0131 Yaz\u0131m\u0131z\u0131n \u0130\u00e7eri\u011findedir. Tekirda\u011f Bosch Beyaz E\u015fya Servisi 0282 263 22 96.\",\"breadcrumb\":{\"@id\":\"https:\\\/\\\/tekirdagboschservisi.com.tr\\\/index.php\\\/2024\\\/03\\\/27\\\/kurutma-makinesinin-tamburu-donmuyor\\\/#breadcrumb\"},\"inLanguage\":\"tr\",\"potentialAction\":[{\"@type\":\"ReadAction\",\"target\":[\"https:\\\/\\\/tekirdagboschservisi.com.tr\\\/index.php\\\/2024\\\/03\\\/27\\\/kurutma-makinesinin-tamburu-donmuyor\\\/\"]}]},{\"@type\":\"ImageObject\",\"inLanguage\":\"tr\",\"@id\":\"https:\\\/\\\/tekirdagboschservisi.com.tr\\\/index.php\\\/2024\\\/03\\\/27\\\/kurutma-makinesinin-tamburu-donmuyor\\\/#primaryimage\",\"url\":\"https:\\\/\\\/tekirdagboschservisi.com.tr\\\/wp-content\\\/uploads\\\/2024\\\/03\\\/bosch-kurutma-makinesi-2.jpg\",\"contentUrl\":\"https:\\\/\\\/tekirdagboschservisi.com.tr\\\/wp-content\\\/uploads\\\/2024\\\/03\\\/bosch-kurutma-makinesi-2.jpg\",\"width\":584,\"height\":375},{\"@type\":\"BreadcrumbList\",\"@id\":\"https:\\\/\\\/tekirdagboschservisi.com.tr\\\/index.php\\\/2024\\\/03\\\/27\\\/kurutma-makinesinin-tamburu-donmuyor\\\/#breadcrumb\",\"itemListElement\":[{\"@type\":\"ListItem\",\"position\":1,\"name\":\"Anasayfa\",\"item\":\"https:\\\/\\\/tekirdagboschservisi.com.tr\\\/\"},{\"@type\":\"ListItem\",\"position\":2,\"name\":\"Kurutma Makinesinin Tamburu D\u00f6nm\u00fcyor\"}]},{\"@type\":\"WebSite\",\"@id\":\"https:\\\/\\\/tekirdagboschservisi.com.tr\\\/#website\",\"url\":\"https:\\\/\\\/tekirdagboschservisi.com.tr\\\/\",\"name\":\"Tekirda\u011f Bosch Servisi\",\"description\":\"0282 263 22 96\",\"publisher\":{\"@id\":\"https:\\\/\\\/tekirdagboschservisi.com.tr\\\/#organization\"},\"potentialAction\":[{\"@type\":\"SearchAction\",\"target\":{\"@type\":\"EntryPoint\",\"urlTemplate\":\"https:\\\/\\\/tekirdagboschservisi.com.tr\\\/?s={search_term_string}\"},\"query-input\":{\"@type\":\"PropertyValueSpecification\",\"valueRequired\":true,\"valueName\":\"search_term_string\"}}],\"inLanguage\":\"tr\"},{\"@type\":\"Organization\",\"@id\":\"https:\\\/\\\/tekirdagboschservisi.com.tr\\\/#organization\",\"name\":\"Tekirda\u011f Bosch Servisi\",\"url\":\"https:\\\/\\\/tekirdagboschservisi.com.tr\\\/\",\"logo\":{\"@type\":\"ImageObject\",\"inLanguage\":\"tr\",\"@id\":\"https:\\\/\\\/tekirdagboschservisi.com.tr\\\/#\\\/schema\\\/logo\\\/image\\\/\",\"url\":\"https:\\\/\\\/tekirdagboschservisi.com.tr\\\/wp-content\\\/uploads\\\/2024\\\/03\\\/7502c4fab3c11f90ed12b06b5e7b138d-1.jpg\",\"contentUrl\":\"https:\\\/\\\/tekirdagboschservisi.com.tr\\\/wp-content\\\/uploads\\\/2024\\\/03\\\/7502c4fab3c11f90ed12b06b5e7b138d-1.jpg\",\"width\":250,\"height\":92,\"caption\":\"Tekirda\u011f Bosch Servisi\"},\"image\":{\"@id\":\"https:\\\/\\\/tekirdagboschservisi.com.tr\\\/#\\\/schema\\\/logo\\\/image\\\/\"}},{\"@type\":\"Person\",\"@id\":\"https:\\\/\\\/tekirdagboschservisi.com.tr\\\/#\\\/schema\\\/person\\\/edc9799f1a76b681707496086fab3ebe\",\"name\":\"admin\",\"image\":{\"@type\":\"ImageObject\",\"inLanguage\":\"tr\",\"@id\":\"https:\\\/\\\/secure.gravatar.com\\\/avatar\\\/db70c2b6f6e9a750c63863236e8b79698035aa5b561aef5deda998a2b8dbe5b4?s=96&d=mm&r=g\",\"url\":\"https:\\\/\\\/secure.gravatar.com\\\/avatar\\\/db70c2b6f6e9a750c63863236e8b79698035aa5b561aef5deda998a2b8dbe5b4?s=96&d=mm&r=g\",\"contentUrl\":\"https:\\\/\\\/secure.gravatar.com\\\/avatar\\\/db70c2b6f6e9a750c63863236e8b79698035aa5b561aef5deda998a2b8dbe5b4?s=96&d=mm&r=g\",\"caption\":\"admin\"},\"sameAs\":[\"https:\\\/\\\/tekirdagboschservisi.com.tr\"],\"url\":\"https:\\\/\\\/tekirdagboschservisi.com.tr\\\/index.php\\\/author\\\/bosch-tekirdag\\\/\"}]}<\/script>\n<!-- \/ Yoast SEO plugin. -->","yoast_head_json":{"title":"Kurutma Makinesinin Tamburu D\u00f6nm\u00fcyor - Tekirda\u011f Bosch Servisi","description":"Bosch Kurutma Makinesinin Tamburu D\u00f6nm\u00fcyor Sorunu ve \u00c7\u00f6z\u00fcm Yollar\u0131 Yaz\u0131m\u0131z\u0131n \u0130\u00e7eri\u011findedir. Tekirda\u011f Bosch Beyaz E\u015fya Servisi 0282 263 22 96.","robots":{"index":"index","follow":"follow","max-snippet":"max-snippet:-1","max-image-preview":"max-image-preview:large","max-video-preview":"max-video-preview:-1"},"canonical":"https:\/\/tekirdagboschservisi.com.tr\/index.php\/2024\/03\/27\/kurutma-makinesinin-tamburu-donmuyor\/","og_locale":"tr_TR","og_type":"article","og_title":"Kurutma Makinesinin Tamburu D\u00f6nm\u00fcyor - Tekirda\u011f Bosch Servisi","og_description":"Bosch Kurutma Makinesinin Tamburu D\u00f6nm\u00fcyor Sorunu ve \u00c7\u00f6z\u00fcm Yollar\u0131 Yaz\u0131m\u0131z\u0131n \u0130\u00e7eri\u011findedir. Tekirda\u011f Bosch Beyaz E\u015fya Servisi 0282 263 22 96.","og_url":"https:\/\/tekirdagboschservisi.com.tr\/index.php\/2024\/03\/27\/kurutma-makinesinin-tamburu-donmuyor\/","og_site_name":"Tekirda\u011f Bosch Servisi","article_published_time":"2024-03-27T12:55:57+00:00","og_image":[{"url":"https:\/\/tekirdagboschservisi.com.tr\/wp-content\/uploads\/2024\/03\/bosch-kurutma-makinesi-2.jpg","type":"","width":"","height":""}],"author":"admin","twitter_card":"summary_large_image","twitter_misc":{"Yazan:":"admin","Tahmini okuma s\u00fcresi":"2 dakika"},"schema":{"@context":"https:\/\/schema.org","@graph":[{"@type":"Article","@id":"https:\/\/tekirdagboschservisi.com.tr\/index.php\/2024\/03\/27\/kurutma-makinesinin-tamburu-donmuyor\/#article","isPartOf":{"@id":"https:\/\/tekirdagboschservisi.com.tr\/index.php\/2024\/03\/27\/kurutma-makinesinin-tamburu-donmuyor\/"},"author":{"name":"admin","@id":"https:\/\/tekirdagboschservisi.com.tr\/#\/schema\/person\/edc9799f1a76b681707496086fab3ebe"},"headline":"Kurutma Makinesinin Tamburu D\u00f6nm\u00fcyor","datePublished":"2024-03-27T12:55:57+00:00","mainEntityOfPage":{"@id":"https:\/\/tekirdagboschservisi.com.tr\/index.php\/2024\/03\/27\/kurutma-makinesinin-tamburu-donmuyor\/"},"wordCount":385,"commentCount":0,"publisher":{"@id":"https:\/\/tekirdagboschservisi.com.tr\/#organization"},"image":{"@id":"https:\/\/tekirdagboschservisi.com.tr\/index.php\/2024\/03\/27\/kurutma-makinesinin-tamburu-donmuyor\/#primaryimage"},"thumbnailUrl":"https:\/\/tekirdagboschservisi.com.tr\/wp-content\/uploads\/2024\/03\/bosch-kurutma-makinesi-2.jpg","keywords":["Bosch Kurutma Makinesi Ar\u0131za","Bosch Kurutma Makinesi Ar\u0131zalar\u0131","Bosch Kurutma Makinesinin Tamburu D\u00f6nm\u00fcyor","Bosch Kurutma Makinesinin Tamburu D\u00f6nm\u00fcyor Sorunu","Bosch Kurutma Makinesinin Tamburu D\u00f6nm\u00fcyor Sorunu ve \u00c7\u00f6z\u00fcm Yollar\u0131","Kurutma Makinesinin Tamburu D\u00f6nm\u00fcyor"],"articleSection":["Tekirda\u011f Bosch Kurutma Makinesi Servisi"],"inLanguage":"tr","potentialAction":[{"@type":"CommentAction","name":"Comment","target":["https:\/\/tekirdagboschservisi.com.tr\/index.php\/2024\/03\/27\/kurutma-makinesinin-tamburu-donmuyor\/#respond"]}]},{"@type":"WebPage","@id":"https:\/\/tekirdagboschservisi.com.tr\/index.php\/2024\/03\/27\/kurutma-makinesinin-tamburu-donmuyor\/","url":"https:\/\/tekirdagboschservisi.com.tr\/index.php\/2024\/03\/27\/kurutma-makinesinin-tamburu-donmuyor\/","name":"Kurutma Makinesinin Tamburu D\u00f6nm\u00fcyor - Tekirda\u011f Bosch Servisi","isPartOf":{"@id":"https:\/\/tekirdagboschservisi.com.tr\/#website"},"primaryImageOfPage":{"@id":"https:\/\/tekirdagboschservisi.com.tr\/index.php\/2024\/03\/27\/kurutma-makinesinin-tamburu-donmuyor\/#primaryimage"},"image":{"@id":"https:\/\/tekirdagboschservisi.com.tr\/index.php\/2024\/03\/27\/kurutma-makinesinin-tamburu-donmuyor\/#primaryimage"},"thumbnailUrl":"https:\/\/tekirdagboschservisi.com.tr\/wp-content\/uploads\/2024\/03\/bosch-kurutma-makinesi-2.jpg","datePublished":"2024-03-27T12:55:57+00:00","description":"Bosch Kurutma Makinesinin Tamburu D\u00f6nm\u00fcyor Sorunu ve \u00c7\u00f6z\u00fcm Yollar\u0131 Yaz\u0131m\u0131z\u0131n \u0130\u00e7eri\u011findedir. Tekirda\u011f Bosch Beyaz E\u015fya Servisi 0282 263 22 96.","breadcrumb":{"@id":"https:\/\/tekirdagboschservisi.com.tr\/index.php\/2024\/03\/27\/kurutma-makinesinin-tamburu-donmuyor\/#breadcrumb"},"inLanguage":"tr","potentialAction":[{"@type":"ReadAction","target":["https:\/\/tekirdagboschservisi.com.tr\/index.php\/2024\/03\/27\/kurutma-makinesinin-tamburu-donmuyor\/"]}]},{"@type":"ImageObject","inLanguage":"tr","@id":"https:\/\/tekirdagboschservisi.com.tr\/index.php\/2024\/03\/27\/kurutma-makinesinin-tamburu-donmuyor\/#primaryimage","url":"https:\/\/tekirdagboschservisi.com.tr\/wp-content\/uploads\/2024\/03\/bosch-kurutma-makinesi-2.jpg","contentUrl":"https:\/\/tekirdagboschservisi.com.tr\/wp-content\/uploads\/2024\/03\/bosch-kurutma-makinesi-2.jpg","width":584,"height":375},{"@type":"BreadcrumbList","@id":"https:\/\/tekirdagboschservisi.com.tr\/index.php\/2024\/03\/27\/kurutma-makinesinin-tamburu-donmuyor\/#breadcrumb","itemListElement":[{"@type":"ListItem","position":1,"name":"Anasayfa","item":"https:\/\/tekirdagboschservisi.com.tr\/"},{"@type":"ListItem","position":2,"name":"Kurutma Makinesinin Tamburu D\u00f6nm\u00fcyor"}]},{"@type":"WebSite","@id":"https:\/\/tekirdagboschservisi.com.tr\/#website","url":"https:\/\/tekirdagboschservisi.com.tr\/","name":"Tekirda\u011f Bosch Servisi","description":"0282 263 22 96","publisher":{"@id":"https:\/\/tekirdagboschservisi.com.tr\/#organization"},"potentialAction":[{"@type":"SearchAction","target":{"@type":"EntryPoint","urlTemplate":"https:\/\/tekirdagboschservisi.com.tr\/?s={search_term_string}"},"query-input":{"@type":"PropertyValueSpecification","valueRequired":true,"valueName":"search_term_string"}}],"inLanguage":"tr"},{"@type":"Organization","@id":"https:\/\/tekirdagboschservisi.com.tr\/#organization","name":"Tekirda\u011f Bosch Servisi","url":"https:\/\/tekirdagboschservisi.com.tr\/","logo":{"@type":"ImageObject","inLanguage":"tr","@id":"https:\/\/tekirdagboschservisi.com.tr\/#\/schema\/logo\/image\/","url":"https:\/\/tekirdagboschservisi.com.tr\/wp-content\/uploads\/2024\/03\/7502c4fab3c11f90ed12b06b5e7b138d-1.jpg","contentUrl":"https:\/\/tekirdagboschservisi.com.tr\/wp-content\/uploads\/2024\/03\/7502c4fab3c11f90ed12b06b5e7b138d-1.jpg","width":250,"height":92,"caption":"Tekirda\u011f Bosch Servisi"},"image":{"@id":"https:\/\/tekirdagboschservisi.com.tr\/#\/schema\/logo\/image\/"}},{"@type":"Person","@id":"https:\/\/tekirdagboschservisi.com.tr\/#\/schema\/person\/edc9799f1a76b681707496086fab3ebe","name":"admin","image":{"@type":"ImageObject","inLanguage":"tr","@id":"https:\/\/secure.gravatar.com\/avatar\/db70c2b6f6e9a750c63863236e8b79698035aa5b561aef5deda998a2b8dbe5b4?s=96&d=mm&r=g","url":"https:\/\/secure.gravatar.com\/avatar\/db70c2b6f6e9a750c63863236e8b79698035aa5b561aef5deda998a2b8dbe5b4?s=96&d=mm&r=g","contentUrl":"https:\/\/secure.gravatar.com\/avatar\/db70c2b6f6e9a750c63863236e8b79698035aa5b561aef5deda998a2b8dbe5b4?s=96&d=mm&r=g","caption":"admin"},"sameAs":["https:\/\/tekirdagboschservisi.com.tr"],"url":"https:\/\/tekirdagboschservisi.com.tr\/index.php\/author\/bosch-tekirdag\/"}]}},"_links":{"self":[{"href":"https:\/\/tekirdagboschservisi.com.tr\/index.php\/wp-json\/wp\/v2\/posts\/330","targetHints":{"allow":["GET"]}}],"collection":[{"href":"https:\/\/tekirdagboschservisi.com.tr\/index.php\/wp-json\/wp\/v2\/posts"}],"about":[{"href":"https:\/\/tekirdagboschservisi.com.tr\/index.php\/wp-json\/wp\/v2\/types\/post"}],"author":[{"embeddable":true,"href":"https:\/\/tekirdagboschservisi.com.tr\/index.php\/wp-json\/wp\/v2\/users\/1"}],"replies":[{"embeddable":true,"href":"https:\/\/tekirdagboschservisi.com.tr\/index.php\/wp-json\/wp\/v2\/comments?post=330"}],"version-history":[{"count":1,"href":"https:\/\/tekirdagboschservisi.com.tr\/index.php\/wp-json\/wp\/v2\/posts\/330\/revisions"}],"predecessor-version":[{"id":331,"href":"https:\/\/tekirdagboschservisi.com.tr\/index.php\/wp-json\/wp\/v2\/posts\/330\/revisions\/331"}],"wp:attachment":[{"href":"https:\/\/tekirdagboschservisi.com.tr\/index.php\/wp-json\/wp\/v2\/media?parent=330"}],"wp:term":[{"taxonomy":"category","embeddable":true,"href":"https:\/\/tekirdagboschservisi.com.tr\/index.php\/wp-json\/wp\/v2\/categories?post=330"},{"taxonomy":"post_tag","embeddable":true,"href":"https:\/\/tekirdagboschservisi.com.tr\/index.php\/wp-json\/wp\/v2\/tags?post=330"}],"curies":[{"name":"wp","href":"https:\/\/api.w.org\/{rel}","templated":true}]}}