{"id":326,"date":"2024-03-27T12:31:34","date_gmt":"2024-03-27T12:31:34","guid":{"rendered":"https:\/\/tekirdagboschservisi.com.tr\/?p=326"},"modified":"2024-03-27T12:31:34","modified_gmt":"2024-03-27T12:31:34","slug":"bosch-kurutma-makinesi-isitmiyor","status":"publish","type":"post","link":"https:\/\/tekirdagboschservisi.com.tr\/index.php\/2024\/03\/27\/bosch-kurutma-makinesi-isitmiyor\/","title":{"rendered":"Bosch Kurutma Makinesi Is\u0131tm\u0131yor"},"content":{"rendered":"<p><img fetchpriority=\"high\" decoding=\"async\" class=\"aligncenter wp-image-213 size-full\" src=\"https:\/\/tekirdagboschservisi.com.tr\/wp-content\/uploads\/2024\/03\/bosch-kurutma-makinesi-2.jpg\" alt=\"Bosch Kurutma Makinesi Is\u0131tm\u0131yor\" width=\"584\" height=\"375\" srcset=\"https:\/\/tekirdagboschservisi.com.tr\/wp-content\/uploads\/2024\/03\/bosch-kurutma-makinesi-2.jpg 584w, https:\/\/tekirdagboschservisi.com.tr\/wp-content\/uploads\/2024\/03\/bosch-kurutma-makinesi-2-300x193.jpg 300w\" sizes=\"(max-width: 584px) 100vw, 584px\" \/><\/p>\n<p><strong>Bosch Kurutma Makinesi Is\u0131tm\u0131yor Sorunu ve \u00c7\u00f6z\u00fcm \u00d6nerileri<\/strong><\/p>\n<p><a href=\"https:\/\/tekirdagboschservisi.com.tr\/index.php\/tekirdag-bosch-beyaz-esya-servisi-2\/bosch-kurutma-makinesi-servisi\/\">Bosch<\/a> kurutma makinesinin \u0131s\u0131tm\u0131yor olmas\u0131, kullan\u0131c\u0131lar i\u00e7in rahats\u0131z edici bir durumdur \u00e7\u00fcnk\u00fc \u00e7ama\u015f\u0131rlar\u0131n tam olarak kurumamas\u0131na neden olur. Bu sorunun birka\u00e7 potansiyel nedeni vard\u0131r ve do\u011fru \u00e7\u00f6z\u00fcm \u00f6nerileri uygulanarak genellikle \u00e7\u00f6z\u00fclen. \u0130\u015fte bu sorunun nedenleri ve \u00e7\u00f6z\u00fcm \u00f6nerileri:<\/p>\n<p><strong>Sorunun Nedenleri:<\/strong><\/p>\n<ol>\n<li><strong>Termal Sigorta Ar\u0131zas\u0131:<\/strong> <a href=\"https:\/\/garanti-teknik.com\/index.php\/bosch-beyaz-esya-servisi\/bosch-kurutma-makinesi-servisi\/\">Bosch<\/a> kurutma makinesindeki termal sigorta ar\u0131zal\u0131d\u0131r. Termal sigorta, makinenin a\u015f\u0131r\u0131 \u0131s\u0131nmas\u0131n\u0131 \u00f6nler ancak ar\u0131zal\u0131ysa \u0131s\u0131tma i\u015flevini durdurur.<\/li>\n<li><strong>Is\u0131tma Eleman\u0131 Ar\u0131zas\u0131:<\/strong> Kurutma makinesinin \u0131s\u0131tma eleman\u0131 ar\u0131zal\u0131d\u0131r. Bu durumda, makine \u0131s\u0131nmaz ve \u00e7ama\u015f\u0131rlar do\u011fru \u015fekilde kurutulmaz.<\/li>\n<li><strong>Termostat Ar\u0131zas\u0131:<\/strong> Termostat, makinedeki s\u0131cakl\u0131\u011f\u0131 kontrol eder. Ar\u0131zal\u0131 bir termostat, makinenin \u0131s\u0131nmas\u0131n\u0131 engeller.<\/li>\n<li><strong>G\u00fc\u00e7 Kayna\u011f\u0131 Sorunu:<\/strong> Kurutma makinesinin ba\u011fl\u0131 oldu\u011fu prizde g\u00fc\u00e7 kayna\u011f\u0131 sorunu vard\u0131r. Bu durumda, makine \u00e7al\u0131\u015fabilir ancak \u0131s\u0131tmaz.<\/li>\n<\/ol>\n<p><strong>Bosch Kurutma Makinesi Is\u0131tm\u0131yor \u00c7\u00f6z\u00fcm \u00d6nerileri:<\/strong><\/p>\n<ol>\n<li><strong>Termal Sigortay\u0131 Kontrol Edin:<\/strong> Kurutma makinesinin termal sigortas\u0131n\u0131 kontrol edin ve ar\u0131zal\u0131 olup olmad\u0131\u011f\u0131n\u0131 belirleyin. E\u011fer sigorta ar\u0131zal\u0131ysa, de\u011fi\u015ftirilmesi gerekir. Ancak, bu i\u015flemi yapmadan \u00f6nce mutlaka elektri\u011fi kesin.<\/li>\n<li><strong>Is\u0131tma Eleman\u0131n\u0131 Kontrol Edin:<\/strong> Kurutma makinesinin \u0131s\u0131tma eleman\u0131n\u0131 kontrol edin ve ar\u0131zal\u0131 olup olmad\u0131\u011f\u0131n\u0131 belirleyin. E\u011fer \u0131s\u0131tma eleman\u0131 ar\u0131zal\u0131ysa, yetkili bir teknisyene de\u011fi\u015ftirilmesi i\u00e7in ba\u015fvurun.<\/li>\n<li><strong>Termostat\u0131 Kontrol Edin:<\/strong> Termostat\u0131n do\u011fru \u015fekilde \u00e7al\u0131\u015f\u0131p \u00e7al\u0131\u015fmad\u0131\u011f\u0131n\u0131 kontrol edin. Ar\u0131zal\u0131 bir termostat, makinenin \u0131s\u0131nmas\u0131n\u0131 engeller. Gerekirse, termostat\u0131 de\u011fi\u015ftirin.<\/li>\n<li><strong>G\u00fc\u00e7 Kayna\u011f\u0131n\u0131 Kontrol Edin:<\/strong> Kurutma makinesinin ba\u011fl\u0131 oldu\u011fu prizde g\u00fc\u00e7 kayna\u011f\u0131 sorunu olup olmad\u0131\u011f\u0131n\u0131 kontrol edin. E\u011fer prizde bir sorun varsa, bu sorunu giderin ve makineyi tekrar deneyin.<\/li>\n<li><strong>Yetkili Servise Ba\u015fvurun:<\/strong> Yukar\u0131daki ad\u0131mlar\u0131 uygulaman\u0131za ra\u011fmen sorun devam ediyorsa, Bosch yetkili bir servis teknisyenine dan\u0131\u015f\u0131n. Uzmanlar, sorunun nedenini belirler ve gerekli tamirat\u0131 ger\u00e7ekle\u015ftirirler.<\/li>\n<\/ol>\n<p>Bosch kurutma makinesinin \u0131s\u0131tm\u0131yor olmas\u0131 sorunuyla kar\u015f\u0131la\u015ft\u0131\u011f\u0131n\u0131zda, yukar\u0131daki \u00e7\u00f6z\u00fcm \u00f6nerilerini uygulayarak sorunu \u00e7\u00f6zmeye \u00e7al\u0131\u015f\u0131n. Ancak, sorunun devam etmesi durumunda veya ciddi bir ar\u0131za varsa, profesyonel bir teknisyenin yard\u0131m\u0131n\u0131 almal\u0131s\u0131n\u0131z.<\/p>\n","protected":false},"excerpt":{"rendered":"<p>Bosch Kurutma Makinesi Is\u0131tm\u0131yor Sorunu ve \u00c7\u00f6z\u00fcm \u00d6nerileri Bosch kurutma makinesinin \u0131s\u0131tm\u0131yor olmas\u0131, kullan\u0131c\u0131lar i\u00e7in rahats\u0131z edici bir durumdur \u00e7\u00fcnk\u00fc \u00e7ama\u015f\u0131rlar\u0131n tam olarak kurumamas\u0131na neden [&hellip;]<\/p>\n","protected":false},"author":1,"featured_media":0,"comment_status":"open","ping_status":"open","sticky":false,"template":"","format":"standard","meta":{"footnotes":""},"categories":[140],"tags":[146,145,147,148,149,150],"class_list":["post-326","post","type-post","status-publish","format-standard","hentry","category-tekirdag-bosch-kurutma-makinesi-servisi","tag-bosch-kurutma-makinesi-ariza","tag-bosch-kurutma-makinesi-arizalari","tag-bosch-kurutma-makinesi-isitmiyor","tag-bosch-kurutma-makinesi-isitmiyor-sorunu","tag-bosch-kurutma-makinesi-isitmiyor-sorunu-ve-cozum-yollari","tag-kurutma-makinesi-isitmiyor"],"yoast_head":"<!-- This site is optimized with the Yoast SEO plugin v27.5 - https:\/\/yoast.com\/product\/yoast-seo-wordpress\/ -->\n<title>Bosch Kurutma Makinesi Is\u0131tm\u0131yor - Tekirda\u011f Bosch Servisi<\/title>\n<meta name=\"description\" content=\"Bosch Kurutma Makinesi Is\u0131tm\u0131yor Sorunu ve \u00c7\u00f6z\u00fcm \u00d6nerileri Yaz\u0131m\u0131z\u0131n \u0130\u00e7eri\u011findedir. Tekirda\u011f Bosch Beyaz E\u015fya Servisi 0282 263 22 96.\" \/>\n<meta name=\"robots\" content=\"index, follow, max-snippet:-1, max-image-preview:large, max-video-preview:-1\" \/>\n<link rel=\"canonical\" href=\"https:\/\/tekirdagboschservisi.com.tr\/index.php\/2024\/03\/27\/bosch-kurutma-makinesi-isitmiyor\/\" \/>\n<meta property=\"og:locale\" content=\"tr_TR\" \/>\n<meta property=\"og:type\" content=\"article\" \/>\n<meta property=\"og:title\" content=\"Bosch Kurutma Makinesi Is\u0131tm\u0131yor - Tekirda\u011f Bosch Servisi\" \/>\n<meta property=\"og:description\" content=\"Bosch Kurutma Makinesi Is\u0131tm\u0131yor Sorunu ve \u00c7\u00f6z\u00fcm \u00d6nerileri Yaz\u0131m\u0131z\u0131n \u0130\u00e7eri\u011findedir. Tekirda\u011f Bosch Beyaz E\u015fya Servisi 0282 263 22 96.\" \/>\n<meta property=\"og:url\" content=\"https:\/\/tekirdagboschservisi.com.tr\/index.php\/2024\/03\/27\/bosch-kurutma-makinesi-isitmiyor\/\" \/>\n<meta property=\"og:site_name\" content=\"Tekirda\u011f Bosch Servisi\" \/>\n<meta property=\"article:published_time\" content=\"2024-03-27T12:31:34+00:00\" \/>\n<meta property=\"og:image\" content=\"https:\/\/tekirdagboschservisi.com.tr\/wp-content\/uploads\/2024\/03\/bosch-kurutma-makinesi-2.jpg\" \/>\n<meta name=\"author\" content=\"admin\" \/>\n<meta name=\"twitter:card\" content=\"summary_large_image\" \/>\n<meta name=\"twitter:label1\" content=\"Yazan:\" \/>\n\t<meta name=\"twitter:data1\" content=\"admin\" \/>\n\t<meta name=\"twitter:label2\" content=\"Tahmini okuma s\u00fcresi\" \/>\n\t<meta name=\"twitter:data2\" content=\"2 dakika\" \/>\n<script type=\"application\/ld+json\" class=\"yoast-schema-graph\">{\"@context\":\"https:\\\/\\\/schema.org\",\"@graph\":[{\"@type\":\"Article\",\"@id\":\"https:\\\/\\\/tekirdagboschservisi.com.tr\\\/index.php\\\/2024\\\/03\\\/27\\\/bosch-kurutma-makinesi-isitmiyor\\\/#article\",\"isPartOf\":{\"@id\":\"https:\\\/\\\/tekirdagboschservisi.com.tr\\\/index.php\\\/2024\\\/03\\\/27\\\/bosch-kurutma-makinesi-isitmiyor\\\/\"},\"author\":{\"name\":\"admin\",\"@id\":\"https:\\\/\\\/tekirdagboschservisi.com.tr\\\/#\\\/schema\\\/person\\\/edc9799f1a76b681707496086fab3ebe\"},\"headline\":\"Bosch Kurutma Makinesi Is\u0131tm\u0131yor\",\"datePublished\":\"2024-03-27T12:31:34+00:00\",\"mainEntityOfPage\":{\"@id\":\"https:\\\/\\\/tekirdagboschservisi.com.tr\\\/index.php\\\/2024\\\/03\\\/27\\\/bosch-kurutma-makinesi-isitmiyor\\\/\"},\"wordCount\":393,\"commentCount\":0,\"publisher\":{\"@id\":\"https:\\\/\\\/tekirdagboschservisi.com.tr\\\/#organization\"},\"image\":{\"@id\":\"https:\\\/\\\/tekirdagboschservisi.com.tr\\\/index.php\\\/2024\\\/03\\\/27\\\/bosch-kurutma-makinesi-isitmiyor\\\/#primaryimage\"},\"thumbnailUrl\":\"https:\\\/\\\/tekirdagboschservisi.com.tr\\\/wp-content\\\/uploads\\\/2024\\\/03\\\/bosch-kurutma-makinesi-2.jpg\",\"keywords\":[\"Bosch Kurutma Makinesi Ar\u0131za\",\"Bosch Kurutma Makinesi Ar\u0131zalar\u0131\",\"Bosch Kurutma Makinesi Is\u0131tm\u0131yor\",\"Bosch Kurutma Makinesi Is\u0131tm\u0131yor Sorunu\",\"Bosch Kurutma Makinesi Is\u0131tm\u0131yor Sorunu ve \u00c7\u00f6z\u00fcm Yollar\u0131\",\"Kurutma Makinesi Is\u0131tm\u0131yor\"],\"articleSection\":[\"Tekirda\u011f Bosch Kurutma Makinesi Servisi\"],\"inLanguage\":\"tr\",\"potentialAction\":[{\"@type\":\"CommentAction\",\"name\":\"Comment\",\"target\":[\"https:\\\/\\\/tekirdagboschservisi.com.tr\\\/index.php\\\/2024\\\/03\\\/27\\\/bosch-kurutma-makinesi-isitmiyor\\\/#respond\"]}]},{\"@type\":\"WebPage\",\"@id\":\"https:\\\/\\\/tekirdagboschservisi.com.tr\\\/index.php\\\/2024\\\/03\\\/27\\\/bosch-kurutma-makinesi-isitmiyor\\\/\",\"url\":\"https:\\\/\\\/tekirdagboschservisi.com.tr\\\/index.php\\\/2024\\\/03\\\/27\\\/bosch-kurutma-makinesi-isitmiyor\\\/\",\"name\":\"Bosch Kurutma Makinesi Is\u0131tm\u0131yor - Tekirda\u011f Bosch Servisi\",\"isPartOf\":{\"@id\":\"https:\\\/\\\/tekirdagboschservisi.com.tr\\\/#website\"},\"primaryImageOfPage\":{\"@id\":\"https:\\\/\\\/tekirdagboschservisi.com.tr\\\/index.php\\\/2024\\\/03\\\/27\\\/bosch-kurutma-makinesi-isitmiyor\\\/#primaryimage\"},\"image\":{\"@id\":\"https:\\\/\\\/tekirdagboschservisi.com.tr\\\/index.php\\\/2024\\\/03\\\/27\\\/bosch-kurutma-makinesi-isitmiyor\\\/#primaryimage\"},\"thumbnailUrl\":\"https:\\\/\\\/tekirdagboschservisi.com.tr\\\/wp-content\\\/uploads\\\/2024\\\/03\\\/bosch-kurutma-makinesi-2.jpg\",\"datePublished\":\"2024-03-27T12:31:34+00:00\",\"description\":\"Bosch Kurutma Makinesi Is\u0131tm\u0131yor Sorunu ve \u00c7\u00f6z\u00fcm \u00d6nerileri Yaz\u0131m\u0131z\u0131n \u0130\u00e7eri\u011findedir. Tekirda\u011f Bosch Beyaz E\u015fya Servisi 0282 263 22 96.\",\"breadcrumb\":{\"@id\":\"https:\\\/\\\/tekirdagboschservisi.com.tr\\\/index.php\\\/2024\\\/03\\\/27\\\/bosch-kurutma-makinesi-isitmiyor\\\/#breadcrumb\"},\"inLanguage\":\"tr\",\"potentialAction\":[{\"@type\":\"ReadAction\",\"target\":[\"https:\\\/\\\/tekirdagboschservisi.com.tr\\\/index.php\\\/2024\\\/03\\\/27\\\/bosch-kurutma-makinesi-isitmiyor\\\/\"]}]},{\"@type\":\"ImageObject\",\"inLanguage\":\"tr\",\"@id\":\"https:\\\/\\\/tekirdagboschservisi.com.tr\\\/index.php\\\/2024\\\/03\\\/27\\\/bosch-kurutma-makinesi-isitmiyor\\\/#primaryimage\",\"url\":\"https:\\\/\\\/tekirdagboschservisi.com.tr\\\/wp-content\\\/uploads\\\/2024\\\/03\\\/bosch-kurutma-makinesi-2.jpg\",\"contentUrl\":\"https:\\\/\\\/tekirdagboschservisi.com.tr\\\/wp-content\\\/uploads\\\/2024\\\/03\\\/bosch-kurutma-makinesi-2.jpg\",\"width\":584,\"height\":375},{\"@type\":\"BreadcrumbList\",\"@id\":\"https:\\\/\\\/tekirdagboschservisi.com.tr\\\/index.php\\\/2024\\\/03\\\/27\\\/bosch-kurutma-makinesi-isitmiyor\\\/#breadcrumb\",\"itemListElement\":[{\"@type\":\"ListItem\",\"position\":1,\"name\":\"Anasayfa\",\"item\":\"https:\\\/\\\/tekirdagboschservisi.com.tr\\\/\"},{\"@type\":\"ListItem\",\"position\":2,\"name\":\"Bosch Kurutma Makinesi Is\u0131tm\u0131yor\"}]},{\"@type\":\"WebSite\",\"@id\":\"https:\\\/\\\/tekirdagboschservisi.com.tr\\\/#website\",\"url\":\"https:\\\/\\\/tekirdagboschservisi.com.tr\\\/\",\"name\":\"Tekirda\u011f Bosch Servisi\",\"description\":\"0282 263 22 96\",\"publisher\":{\"@id\":\"https:\\\/\\\/tekirdagboschservisi.com.tr\\\/#organization\"},\"potentialAction\":[{\"@type\":\"SearchAction\",\"target\":{\"@type\":\"EntryPoint\",\"urlTemplate\":\"https:\\\/\\\/tekirdagboschservisi.com.tr\\\/?s={search_term_string}\"},\"query-input\":{\"@type\":\"PropertyValueSpecification\",\"valueRequired\":true,\"valueName\":\"search_term_string\"}}],\"inLanguage\":\"tr\"},{\"@type\":\"Organization\",\"@id\":\"https:\\\/\\\/tekirdagboschservisi.com.tr\\\/#organization\",\"name\":\"Tekirda\u011f Bosch Servisi\",\"url\":\"https:\\\/\\\/tekirdagboschservisi.com.tr\\\/\",\"logo\":{\"@type\":\"ImageObject\",\"inLanguage\":\"tr\",\"@id\":\"https:\\\/\\\/tekirdagboschservisi.com.tr\\\/#\\\/schema\\\/logo\\\/image\\\/\",\"url\":\"https:\\\/\\\/tekirdagboschservisi.com.tr\\\/wp-content\\\/uploads\\\/2024\\\/03\\\/7502c4fab3c11f90ed12b06b5e7b138d-1.jpg\",\"contentUrl\":\"https:\\\/\\\/tekirdagboschservisi.com.tr\\\/wp-content\\\/uploads\\\/2024\\\/03\\\/7502c4fab3c11f90ed12b06b5e7b138d-1.jpg\",\"width\":250,\"height\":92,\"caption\":\"Tekirda\u011f Bosch Servisi\"},\"image\":{\"@id\":\"https:\\\/\\\/tekirdagboschservisi.com.tr\\\/#\\\/schema\\\/logo\\\/image\\\/\"}},{\"@type\":\"Person\",\"@id\":\"https:\\\/\\\/tekirdagboschservisi.com.tr\\\/#\\\/schema\\\/person\\\/edc9799f1a76b681707496086fab3ebe\",\"name\":\"admin\",\"image\":{\"@type\":\"ImageObject\",\"inLanguage\":\"tr\",\"@id\":\"https:\\\/\\\/secure.gravatar.com\\\/avatar\\\/db70c2b6f6e9a750c63863236e8b79698035aa5b561aef5deda998a2b8dbe5b4?s=96&d=mm&r=g\",\"url\":\"https:\\\/\\\/secure.gravatar.com\\\/avatar\\\/db70c2b6f6e9a750c63863236e8b79698035aa5b561aef5deda998a2b8dbe5b4?s=96&d=mm&r=g\",\"contentUrl\":\"https:\\\/\\\/secure.gravatar.com\\\/avatar\\\/db70c2b6f6e9a750c63863236e8b79698035aa5b561aef5deda998a2b8dbe5b4?s=96&d=mm&r=g\",\"caption\":\"admin\"},\"sameAs\":[\"https:\\\/\\\/tekirdagboschservisi.com.tr\"],\"url\":\"https:\\\/\\\/tekirdagboschservisi.com.tr\\\/index.php\\\/author\\\/bosch-tekirdag\\\/\"}]}<\/script>\n<!-- \/ Yoast SEO plugin. -->","yoast_head_json":{"title":"Bosch Kurutma Makinesi Is\u0131tm\u0131yor - Tekirda\u011f Bosch Servisi","description":"Bosch Kurutma Makinesi Is\u0131tm\u0131yor Sorunu ve \u00c7\u00f6z\u00fcm \u00d6nerileri Yaz\u0131m\u0131z\u0131n \u0130\u00e7eri\u011findedir. Tekirda\u011f Bosch Beyaz E\u015fya Servisi 0282 263 22 96.","robots":{"index":"index","follow":"follow","max-snippet":"max-snippet:-1","max-image-preview":"max-image-preview:large","max-video-preview":"max-video-preview:-1"},"canonical":"https:\/\/tekirdagboschservisi.com.tr\/index.php\/2024\/03\/27\/bosch-kurutma-makinesi-isitmiyor\/","og_locale":"tr_TR","og_type":"article","og_title":"Bosch Kurutma Makinesi Is\u0131tm\u0131yor - Tekirda\u011f Bosch Servisi","og_description":"Bosch Kurutma Makinesi Is\u0131tm\u0131yor Sorunu ve \u00c7\u00f6z\u00fcm \u00d6nerileri Yaz\u0131m\u0131z\u0131n \u0130\u00e7eri\u011findedir. Tekirda\u011f Bosch Beyaz E\u015fya Servisi 0282 263 22 96.","og_url":"https:\/\/tekirdagboschservisi.com.tr\/index.php\/2024\/03\/27\/bosch-kurutma-makinesi-isitmiyor\/","og_site_name":"Tekirda\u011f Bosch Servisi","article_published_time":"2024-03-27T12:31:34+00:00","og_image":[{"url":"https:\/\/tekirdagboschservisi.com.tr\/wp-content\/uploads\/2024\/03\/bosch-kurutma-makinesi-2.jpg","type":"","width":"","height":""}],"author":"admin","twitter_card":"summary_large_image","twitter_misc":{"Yazan:":"admin","Tahmini okuma s\u00fcresi":"2 dakika"},"schema":{"@context":"https:\/\/schema.org","@graph":[{"@type":"Article","@id":"https:\/\/tekirdagboschservisi.com.tr\/index.php\/2024\/03\/27\/bosch-kurutma-makinesi-isitmiyor\/#article","isPartOf":{"@id":"https:\/\/tekirdagboschservisi.com.tr\/index.php\/2024\/03\/27\/bosch-kurutma-makinesi-isitmiyor\/"},"author":{"name":"admin","@id":"https:\/\/tekirdagboschservisi.com.tr\/#\/schema\/person\/edc9799f1a76b681707496086fab3ebe"},"headline":"Bosch Kurutma Makinesi Is\u0131tm\u0131yor","datePublished":"2024-03-27T12:31:34+00:00","mainEntityOfPage":{"@id":"https:\/\/tekirdagboschservisi.com.tr\/index.php\/2024\/03\/27\/bosch-kurutma-makinesi-isitmiyor\/"},"wordCount":393,"commentCount":0,"publisher":{"@id":"https:\/\/tekirdagboschservisi.com.tr\/#organization"},"image":{"@id":"https:\/\/tekirdagboschservisi.com.tr\/index.php\/2024\/03\/27\/bosch-kurutma-makinesi-isitmiyor\/#primaryimage"},"thumbnailUrl":"https:\/\/tekirdagboschservisi.com.tr\/wp-content\/uploads\/2024\/03\/bosch-kurutma-makinesi-2.jpg","keywords":["Bosch Kurutma Makinesi Ar\u0131za","Bosch Kurutma Makinesi Ar\u0131zalar\u0131","Bosch Kurutma Makinesi Is\u0131tm\u0131yor","Bosch Kurutma Makinesi Is\u0131tm\u0131yor Sorunu","Bosch Kurutma Makinesi Is\u0131tm\u0131yor Sorunu ve \u00c7\u00f6z\u00fcm Yollar\u0131","Kurutma Makinesi Is\u0131tm\u0131yor"],"articleSection":["Tekirda\u011f Bosch Kurutma Makinesi Servisi"],"inLanguage":"tr","potentialAction":[{"@type":"CommentAction","name":"Comment","target":["https:\/\/tekirdagboschservisi.com.tr\/index.php\/2024\/03\/27\/bosch-kurutma-makinesi-isitmiyor\/#respond"]}]},{"@type":"WebPage","@id":"https:\/\/tekirdagboschservisi.com.tr\/index.php\/2024\/03\/27\/bosch-kurutma-makinesi-isitmiyor\/","url":"https:\/\/tekirdagboschservisi.com.tr\/index.php\/2024\/03\/27\/bosch-kurutma-makinesi-isitmiyor\/","name":"Bosch Kurutma Makinesi Is\u0131tm\u0131yor - Tekirda\u011f Bosch Servisi","isPartOf":{"@id":"https:\/\/tekirdagboschservisi.com.tr\/#website"},"primaryImageOfPage":{"@id":"https:\/\/tekirdagboschservisi.com.tr\/index.php\/2024\/03\/27\/bosch-kurutma-makinesi-isitmiyor\/#primaryimage"},"image":{"@id":"https:\/\/tekirdagboschservisi.com.tr\/index.php\/2024\/03\/27\/bosch-kurutma-makinesi-isitmiyor\/#primaryimage"},"thumbnailUrl":"https:\/\/tekirdagboschservisi.com.tr\/wp-content\/uploads\/2024\/03\/bosch-kurutma-makinesi-2.jpg","datePublished":"2024-03-27T12:31:34+00:00","description":"Bosch Kurutma Makinesi Is\u0131tm\u0131yor Sorunu ve \u00c7\u00f6z\u00fcm \u00d6nerileri Yaz\u0131m\u0131z\u0131n \u0130\u00e7eri\u011findedir. Tekirda\u011f Bosch Beyaz E\u015fya Servisi 0282 263 22 96.","breadcrumb":{"@id":"https:\/\/tekirdagboschservisi.com.tr\/index.php\/2024\/03\/27\/bosch-kurutma-makinesi-isitmiyor\/#breadcrumb"},"inLanguage":"tr","potentialAction":[{"@type":"ReadAction","target":["https:\/\/tekirdagboschservisi.com.tr\/index.php\/2024\/03\/27\/bosch-kurutma-makinesi-isitmiyor\/"]}]},{"@type":"ImageObject","inLanguage":"tr","@id":"https:\/\/tekirdagboschservisi.com.tr\/index.php\/2024\/03\/27\/bosch-kurutma-makinesi-isitmiyor\/#primaryimage","url":"https:\/\/tekirdagboschservisi.com.tr\/wp-content\/uploads\/2024\/03\/bosch-kurutma-makinesi-2.jpg","contentUrl":"https:\/\/tekirdagboschservisi.com.tr\/wp-content\/uploads\/2024\/03\/bosch-kurutma-makinesi-2.jpg","width":584,"height":375},{"@type":"BreadcrumbList","@id":"https:\/\/tekirdagboschservisi.com.tr\/index.php\/2024\/03\/27\/bosch-kurutma-makinesi-isitmiyor\/#breadcrumb","itemListElement":[{"@type":"ListItem","position":1,"name":"Anasayfa","item":"https:\/\/tekirdagboschservisi.com.tr\/"},{"@type":"ListItem","position":2,"name":"Bosch Kurutma Makinesi Is\u0131tm\u0131yor"}]},{"@type":"WebSite","@id":"https:\/\/tekirdagboschservisi.com.tr\/#website","url":"https:\/\/tekirdagboschservisi.com.tr\/","name":"Tekirda\u011f Bosch Servisi","description":"0282 263 22 96","publisher":{"@id":"https:\/\/tekirdagboschservisi.com.tr\/#organization"},"potentialAction":[{"@type":"SearchAction","target":{"@type":"EntryPoint","urlTemplate":"https:\/\/tekirdagboschservisi.com.tr\/?s={search_term_string}"},"query-input":{"@type":"PropertyValueSpecification","valueRequired":true,"valueName":"search_term_string"}}],"inLanguage":"tr"},{"@type":"Organization","@id":"https:\/\/tekirdagboschservisi.com.tr\/#organization","name":"Tekirda\u011f Bosch Servisi","url":"https:\/\/tekirdagboschservisi.com.tr\/","logo":{"@type":"ImageObject","inLanguage":"tr","@id":"https:\/\/tekirdagboschservisi.com.tr\/#\/schema\/logo\/image\/","url":"https:\/\/tekirdagboschservisi.com.tr\/wp-content\/uploads\/2024\/03\/7502c4fab3c11f90ed12b06b5e7b138d-1.jpg","contentUrl":"https:\/\/tekirdagboschservisi.com.tr\/wp-content\/uploads\/2024\/03\/7502c4fab3c11f90ed12b06b5e7b138d-1.jpg","width":250,"height":92,"caption":"Tekirda\u011f Bosch Servisi"},"image":{"@id":"https:\/\/tekirdagboschservisi.com.tr\/#\/schema\/logo\/image\/"}},{"@type":"Person","@id":"https:\/\/tekirdagboschservisi.com.tr\/#\/schema\/person\/edc9799f1a76b681707496086fab3ebe","name":"admin","image":{"@type":"ImageObject","inLanguage":"tr","@id":"https:\/\/secure.gravatar.com\/avatar\/db70c2b6f6e9a750c63863236e8b79698035aa5b561aef5deda998a2b8dbe5b4?s=96&d=mm&r=g","url":"https:\/\/secure.gravatar.com\/avatar\/db70c2b6f6e9a750c63863236e8b79698035aa5b561aef5deda998a2b8dbe5b4?s=96&d=mm&r=g","contentUrl":"https:\/\/secure.gravatar.com\/avatar\/db70c2b6f6e9a750c63863236e8b79698035aa5b561aef5deda998a2b8dbe5b4?s=96&d=mm&r=g","caption":"admin"},"sameAs":["https:\/\/tekirdagboschservisi.com.tr"],"url":"https:\/\/tekirdagboschservisi.com.tr\/index.php\/author\/bosch-tekirdag\/"}]}},"_links":{"self":[{"href":"https:\/\/tekirdagboschservisi.com.tr\/index.php\/wp-json\/wp\/v2\/posts\/326","targetHints":{"allow":["GET"]}}],"collection":[{"href":"https:\/\/tekirdagboschservisi.com.tr\/index.php\/wp-json\/wp\/v2\/posts"}],"about":[{"href":"https:\/\/tekirdagboschservisi.com.tr\/index.php\/wp-json\/wp\/v2\/types\/post"}],"author":[{"embeddable":true,"href":"https:\/\/tekirdagboschservisi.com.tr\/index.php\/wp-json\/wp\/v2\/users\/1"}],"replies":[{"embeddable":true,"href":"https:\/\/tekirdagboschservisi.com.tr\/index.php\/wp-json\/wp\/v2\/comments?post=326"}],"version-history":[{"count":1,"href":"https:\/\/tekirdagboschservisi.com.tr\/index.php\/wp-json\/wp\/v2\/posts\/326\/revisions"}],"predecessor-version":[{"id":327,"href":"https:\/\/tekirdagboschservisi.com.tr\/index.php\/wp-json\/wp\/v2\/posts\/326\/revisions\/327"}],"wp:attachment":[{"href":"https:\/\/tekirdagboschservisi.com.tr\/index.php\/wp-json\/wp\/v2\/media?parent=326"}],"wp:term":[{"taxonomy":"category","embeddable":true,"href":"https:\/\/tekirdagboschservisi.com.tr\/index.php\/wp-json\/wp\/v2\/categories?post=326"},{"taxonomy":"post_tag","embeddable":true,"href":"https:\/\/tekirdagboschservisi.com.tr\/index.php\/wp-json\/wp\/v2\/tags?post=326"}],"curies":[{"name":"wp","href":"https:\/\/api.w.org\/{rel}","templated":true}]}}