{"id":324,"date":"2024-03-27T12:21:33","date_gmt":"2024-03-27T12:21:33","guid":{"rendered":"https:\/\/tekirdagboschservisi.com.tr\/?p=324"},"modified":"2024-03-27T12:21:33","modified_gmt":"2024-03-27T12:21:33","slug":"kurutma-makinesinden-camasirlar-nemli-cikiyor","status":"publish","type":"post","link":"https:\/\/tekirdagboschservisi.com.tr\/index.php\/2024\/03\/27\/kurutma-makinesinden-camasirlar-nemli-cikiyor\/","title":{"rendered":"Kurutma Makinesinden \u00c7ama\u015f\u0131rlar Nemli \u00c7\u0131k\u0131yor"},"content":{"rendered":"<p><img fetchpriority=\"high\" decoding=\"async\" class=\"aligncenter wp-image-213 size-full\" src=\"https:\/\/tekirdagboschservisi.com.tr\/wp-content\/uploads\/2024\/03\/bosch-kurutma-makinesi-2.jpg\" alt=\"Kurutma Makinesinden \u00c7ama\u015f\u0131rlar Nemli \u00c7\u0131k\u0131yor\" width=\"584\" height=\"375\" srcset=\"https:\/\/tekirdagboschservisi.com.tr\/wp-content\/uploads\/2024\/03\/bosch-kurutma-makinesi-2.jpg 584w, https:\/\/tekirdagboschservisi.com.tr\/wp-content\/uploads\/2024\/03\/bosch-kurutma-makinesi-2-300x193.jpg 300w\" sizes=\"(max-width: 584px) 100vw, 584px\" \/><\/p>\n<p><strong>Bosch Kurutma Makinesinden \u00c7ama\u015f\u0131rlar Nemli \u00c7\u0131k\u0131yor Sorunu ve \u00c7\u00f6z\u00fcm \u00d6nerileri<\/strong><\/p>\n<p><a href=\"https:\/\/tekirdagboschservisi.com.tr\/index.php\/tekirdag-bosch-beyaz-esya-servisi-2\/bosch-kurutma-makinesi-servisi\/\">Bosch<\/a> kurutma makinesinden \u00e7ama\u015f\u0131rlar\u0131n nemli \u00e7\u0131kmas\u0131, kullan\u0131c\u0131lar i\u00e7in can s\u0131k\u0131c\u0131 bir sorundur. Kurutma i\u015fleminin etkin olmad\u0131\u011f\u0131n\u0131 g\u00f6sterir. Bu sorunun birka\u00e7 yayg\u0131n nedeni vard\u0131r ve do\u011fru \u00e7\u00f6z\u00fcm \u00f6nerileri uygulanarak genellikle \u00e7\u00f6z\u00fclen. \u0130\u015fte bu sorunun nedenleri ve \u00e7\u00f6z\u00fcm \u00f6nerileri:<\/p>\n<p><strong>Sorunun Nedenleri:<\/strong><\/p>\n<ol>\n<li><strong>Hava \u00c7\u0131k\u0131\u015f\u0131 Sorunu:<\/strong> <a href=\"https:\/\/garanti-teknik.com\/index.php\/bosch-beyaz-esya-servisi\/bosch-kurutma-makinesi-servisi\/\">Kurutma<\/a> makinesinin hava \u00e7\u0131k\u0131\u015f\u0131n\u0131n t\u0131kand\u0131\u011f\u0131 veya engelli olmas\u0131, nemli havan\u0131n d\u0131\u015far\u0131 at\u0131lmas\u0131n\u0131 engeller. \u00c7ama\u015f\u0131rlar\u0131n nemli kalmas\u0131na neden olur.<\/li>\n<li><strong>Filtre ve Hazne Temizli\u011fi:<\/strong> Kurutma makinesinin filtrelerinin veya kondensat\u00f6r haznesinin temizlenmemesi. Kurutma i\u015fleminin etkinli\u011fini azalt\u0131r ve \u00e7ama\u015f\u0131rlar\u0131n nemli kalmas\u0131na yol a\u00e7ar.<\/li>\n<li><strong>Kurutma Program\u0131n\u0131n Yanl\u0131\u015f Se\u00e7imi:<\/strong> Yanl\u0131\u015f kurutma program\u0131n\u0131n se\u00e7ilmesi veya uygun kurutma s\u00fcresinin belirlenmemesi, \u00e7ama\u015f\u0131rlar\u0131n tam olarak kurumamas\u0131na neden olur.<\/li>\n<li><strong>Kurutma Makinesinin Ar\u0131zas\u0131:<\/strong> Kurutma makinesinin i\u00e7indeki bile\u015fenlerden birinde ar\u0131za olmas\u0131, kurutma i\u015fleminin d\u00fczg\u00fcn \u015fekilde ger\u00e7ekle\u015fmesini engeller.<\/li>\n<\/ol>\n<p><strong>Kurutma Makinesinden \u00c7ama\u015f\u0131rlar Nemli \u00c7\u0131k\u0131yor \u00c7\u00f6z\u00fcm \u00d6nerileri:<\/strong><\/p>\n<ol>\n<li><strong>Hava \u00c7\u0131k\u0131\u015f\u0131n\u0131 Kontrol Edin:<\/strong> Kurutma makinesinin hava \u00e7\u0131k\u0131\u015f\u0131n\u0131 kontrol edin. Herhangi bir t\u0131kan\u0131kl\u0131k veya engel olup olmad\u0131\u011f\u0131n\u0131 belirleyin. Gerekirse, hava \u00e7\u0131k\u0131\u015f\u0131n\u0131 temizleyin veya a\u00e7\u0131n.<\/li>\n<li><strong>Filtre ve Hazne Temizli\u011fi:<\/strong> Kurutma makinesinin filtrelerini ve kondensat\u00f6r haznesini d\u00fczenli olarak temizleyin. Kirli filtreler veya t\u0131kal\u0131 hazneler, kurutma i\u015fleminin etkinli\u011fini azalt\u0131r.<\/li>\n<li><strong>Do\u011fru Program\u0131 Se\u00e7in:<\/strong> \u00c7ama\u015f\u0131rlar\u0131n\u0131za uygun kurutma program\u0131n\u0131 se\u00e7ti\u011finizden emin olun. Farkl\u0131 kuma\u015flar i\u00e7in farkl\u0131 kurutma programlar\u0131 bulunmaktad\u0131r, do\u011fru program\u0131 se\u00e7mek \u00f6nemlidir.<\/li>\n<li><strong>Kurutma S\u00fcresini Uygun Ayarlay\u0131n:<\/strong> Kurutma s\u00fcresini veya kurutma seviyesini uygun \u015fekilde ayarlay\u0131n. \u00c7ok k\u0131sa bir s\u00fcre veya d\u00fc\u015f\u00fck bir kurutma seviyesi, \u00e7ama\u015f\u0131rlar\u0131n tam olarak kurumamas\u0131na neden olur.<\/li>\n<li><strong>Yetkili Servise Ba\u015fvurun:<\/strong> Yukar\u0131daki ad\u0131mlar\u0131 uygulaman\u0131za ra\u011fmen sorun devam ediyorsa. Bosch yetkili bir servis teknisyenine dan\u0131\u015f\u0131n. Uzmanlar, sorunun nedenini belirleyebilir ve gerekli tamirat\u0131 ger\u00e7ekle\u015ftirebilirler.<\/li>\n<\/ol>\n<p>Bosch kurutma makinesinden \u00e7ama\u015f\u0131rlar\u0131n nemli \u00e7\u0131kmas\u0131 sorunuyla kar\u015f\u0131la\u015ft\u0131\u011f\u0131n\u0131zda, yukar\u0131daki \u00e7\u00f6z\u00fcm \u00f6nerilerini uygulayarak sorunu \u00e7\u00f6zmeye \u00e7al\u0131\u015f\u0131n. Ancak, sorunun devam etmesi durumunda veya ciddi bir ar\u0131za varsa, profesyonel bir teknisyenin yard\u0131m\u0131n\u0131 alman\u0131z \u00f6nerilir.<\/p>\n","protected":false},"excerpt":{"rendered":"<p>Bosch Kurutma Makinesinden \u00c7ama\u015f\u0131rlar Nemli \u00c7\u0131k\u0131yor Sorunu ve \u00c7\u00f6z\u00fcm \u00d6nerileri Bosch kurutma makinesinden \u00e7ama\u015f\u0131rlar\u0131n nemli \u00e7\u0131kmas\u0131, kullan\u0131c\u0131lar i\u00e7in can s\u0131k\u0131c\u0131 bir sorundur. Kurutma i\u015fleminin etkin [&hellip;]<\/p>\n","protected":false},"author":1,"featured_media":0,"comment_status":"open","ping_status":"open","sticky":false,"template":"","format":"standard","meta":{"footnotes":""},"categories":[140],"tags":[146,145,142,143,144,141],"class_list":["post-324","post","type-post","status-publish","format-standard","hentry","category-tekirdag-bosch-kurutma-makinesi-servisi","tag-bosch-kurutma-makinesi-ariza","tag-bosch-kurutma-makinesi-arizalari","tag-bosch-kurutma-makinesinden-camasirlar-nemli-cikiyor","tag-bosch-kurutma-makinesinden-camasirlar-nemli-cikiyor-sorunu","tag-bosch-kurutma-makinesinden-camasirlar-nemli-cikiyor-sorunu-ve-cozum-yollari","tag-kurutma-makinesinden-camasirlar-nemli-cikiyor"],"yoast_head":"<!-- This site is optimized with the Yoast SEO plugin v27.5 - https:\/\/yoast.com\/product\/yoast-seo-wordpress\/ -->\n<title>Kurutma Makinesinden \u00c7ama\u015f\u0131rlar Nemli \u00c7\u0131k\u0131yor - Tekirda\u011f Bosch Servisi<\/title>\n<meta name=\"description\" content=\"Bosch Kurutma Makinesinden \u00c7ama\u015f\u0131rlar Nemli \u00c7\u0131k\u0131yor Sorunu ve \u00c7\u00f6z\u00fcm \u00d6nerileri Yaz\u0131m\u0131zdad\u0131r. Tekirda\u011f Bosch Beyaz E\u015fya Servisi 0282 263 22 96.\" \/>\n<meta name=\"robots\" content=\"index, follow, max-snippet:-1, max-image-preview:large, max-video-preview:-1\" \/>\n<link rel=\"canonical\" href=\"https:\/\/tekirdagboschservisi.com.tr\/index.php\/2024\/03\/27\/kurutma-makinesinden-camasirlar-nemli-cikiyor\/\" \/>\n<meta property=\"og:locale\" content=\"tr_TR\" \/>\n<meta property=\"og:type\" content=\"article\" \/>\n<meta property=\"og:title\" content=\"Kurutma Makinesinden \u00c7ama\u015f\u0131rlar Nemli \u00c7\u0131k\u0131yor - Tekirda\u011f Bosch Servisi\" \/>\n<meta property=\"og:description\" content=\"Bosch Kurutma Makinesinden \u00c7ama\u015f\u0131rlar Nemli \u00c7\u0131k\u0131yor Sorunu ve \u00c7\u00f6z\u00fcm \u00d6nerileri Yaz\u0131m\u0131zdad\u0131r. Tekirda\u011f Bosch Beyaz E\u015fya Servisi 0282 263 22 96.\" \/>\n<meta property=\"og:url\" content=\"https:\/\/tekirdagboschservisi.com.tr\/index.php\/2024\/03\/27\/kurutma-makinesinden-camasirlar-nemli-cikiyor\/\" \/>\n<meta property=\"og:site_name\" content=\"Tekirda\u011f Bosch Servisi\" \/>\n<meta property=\"article:published_time\" content=\"2024-03-27T12:21:33+00:00\" \/>\n<meta property=\"og:image\" content=\"https:\/\/tekirdagboschservisi.com.tr\/wp-content\/uploads\/2024\/03\/bosch-kurutma-makinesi-2.jpg\" \/>\n<meta name=\"author\" content=\"admin\" \/>\n<meta name=\"twitter:card\" content=\"summary_large_image\" \/>\n<meta name=\"twitter:label1\" content=\"Yazan:\" \/>\n\t<meta name=\"twitter:data1\" content=\"admin\" \/>\n\t<meta name=\"twitter:label2\" content=\"Tahmini okuma s\u00fcresi\" \/>\n\t<meta name=\"twitter:data2\" content=\"2 dakika\" \/>\n<script type=\"application\/ld+json\" class=\"yoast-schema-graph\">{\"@context\":\"https:\\\/\\\/schema.org\",\"@graph\":[{\"@type\":\"Article\",\"@id\":\"https:\\\/\\\/tekirdagboschservisi.com.tr\\\/index.php\\\/2024\\\/03\\\/27\\\/kurutma-makinesinden-camasirlar-nemli-cikiyor\\\/#article\",\"isPartOf\":{\"@id\":\"https:\\\/\\\/tekirdagboschservisi.com.tr\\\/index.php\\\/2024\\\/03\\\/27\\\/kurutma-makinesinden-camasirlar-nemli-cikiyor\\\/\"},\"author\":{\"name\":\"admin\",\"@id\":\"https:\\\/\\\/tekirdagboschservisi.com.tr\\\/#\\\/schema\\\/person\\\/edc9799f1a76b681707496086fab3ebe\"},\"headline\":\"Kurutma Makinesinden \u00c7ama\u015f\u0131rlar Nemli \u00c7\u0131k\u0131yor\",\"datePublished\":\"2024-03-27T12:21:33+00:00\",\"mainEntityOfPage\":{\"@id\":\"https:\\\/\\\/tekirdagboschservisi.com.tr\\\/index.php\\\/2024\\\/03\\\/27\\\/kurutma-makinesinden-camasirlar-nemli-cikiyor\\\/\"},\"wordCount\":408,\"commentCount\":0,\"publisher\":{\"@id\":\"https:\\\/\\\/tekirdagboschservisi.com.tr\\\/#organization\"},\"image\":{\"@id\":\"https:\\\/\\\/tekirdagboschservisi.com.tr\\\/index.php\\\/2024\\\/03\\\/27\\\/kurutma-makinesinden-camasirlar-nemli-cikiyor\\\/#primaryimage\"},\"thumbnailUrl\":\"https:\\\/\\\/tekirdagboschservisi.com.tr\\\/wp-content\\\/uploads\\\/2024\\\/03\\\/bosch-kurutma-makinesi-2.jpg\",\"keywords\":[\"Bosch Kurutma Makinesi Ar\u0131za\",\"Bosch Kurutma Makinesi Ar\u0131zalar\u0131\",\"Bosch Kurutma Makinesinden \u00c7ama\u015f\u0131rlar Nemli \u00c7\u0131k\u0131yor\",\"Bosch Kurutma Makinesinden \u00c7ama\u015f\u0131rlar Nemli \u00c7\u0131k\u0131yor Sorunu\",\"Bosch Kurutma Makinesinden \u00c7ama\u015f\u0131rlar Nemli \u00c7\u0131k\u0131yor Sorunu ve \u00c7\u00f6z\u00fcm Yollar\u0131\",\"Kurutma Makinesinden \u00c7ama\u015f\u0131rlar Nemli \u00c7\u0131k\u0131yor\"],\"articleSection\":[\"Tekirda\u011f Bosch Kurutma Makinesi Servisi\"],\"inLanguage\":\"tr\",\"potentialAction\":[{\"@type\":\"CommentAction\",\"name\":\"Comment\",\"target\":[\"https:\\\/\\\/tekirdagboschservisi.com.tr\\\/index.php\\\/2024\\\/03\\\/27\\\/kurutma-makinesinden-camasirlar-nemli-cikiyor\\\/#respond\"]}]},{\"@type\":\"WebPage\",\"@id\":\"https:\\\/\\\/tekirdagboschservisi.com.tr\\\/index.php\\\/2024\\\/03\\\/27\\\/kurutma-makinesinden-camasirlar-nemli-cikiyor\\\/\",\"url\":\"https:\\\/\\\/tekirdagboschservisi.com.tr\\\/index.php\\\/2024\\\/03\\\/27\\\/kurutma-makinesinden-camasirlar-nemli-cikiyor\\\/\",\"name\":\"Kurutma Makinesinden \u00c7ama\u015f\u0131rlar Nemli \u00c7\u0131k\u0131yor - Tekirda\u011f Bosch Servisi\",\"isPartOf\":{\"@id\":\"https:\\\/\\\/tekirdagboschservisi.com.tr\\\/#website\"},\"primaryImageOfPage\":{\"@id\":\"https:\\\/\\\/tekirdagboschservisi.com.tr\\\/index.php\\\/2024\\\/03\\\/27\\\/kurutma-makinesinden-camasirlar-nemli-cikiyor\\\/#primaryimage\"},\"image\":{\"@id\":\"https:\\\/\\\/tekirdagboschservisi.com.tr\\\/index.php\\\/2024\\\/03\\\/27\\\/kurutma-makinesinden-camasirlar-nemli-cikiyor\\\/#primaryimage\"},\"thumbnailUrl\":\"https:\\\/\\\/tekirdagboschservisi.com.tr\\\/wp-content\\\/uploads\\\/2024\\\/03\\\/bosch-kurutma-makinesi-2.jpg\",\"datePublished\":\"2024-03-27T12:21:33+00:00\",\"description\":\"Bosch Kurutma Makinesinden \u00c7ama\u015f\u0131rlar Nemli \u00c7\u0131k\u0131yor Sorunu ve \u00c7\u00f6z\u00fcm \u00d6nerileri Yaz\u0131m\u0131zdad\u0131r. Tekirda\u011f Bosch Beyaz E\u015fya Servisi 0282 263 22 96.\",\"breadcrumb\":{\"@id\":\"https:\\\/\\\/tekirdagboschservisi.com.tr\\\/index.php\\\/2024\\\/03\\\/27\\\/kurutma-makinesinden-camasirlar-nemli-cikiyor\\\/#breadcrumb\"},\"inLanguage\":\"tr\",\"potentialAction\":[{\"@type\":\"ReadAction\",\"target\":[\"https:\\\/\\\/tekirdagboschservisi.com.tr\\\/index.php\\\/2024\\\/03\\\/27\\\/kurutma-makinesinden-camasirlar-nemli-cikiyor\\\/\"]}]},{\"@type\":\"ImageObject\",\"inLanguage\":\"tr\",\"@id\":\"https:\\\/\\\/tekirdagboschservisi.com.tr\\\/index.php\\\/2024\\\/03\\\/27\\\/kurutma-makinesinden-camasirlar-nemli-cikiyor\\\/#primaryimage\",\"url\":\"https:\\\/\\\/tekirdagboschservisi.com.tr\\\/wp-content\\\/uploads\\\/2024\\\/03\\\/bosch-kurutma-makinesi-2.jpg\",\"contentUrl\":\"https:\\\/\\\/tekirdagboschservisi.com.tr\\\/wp-content\\\/uploads\\\/2024\\\/03\\\/bosch-kurutma-makinesi-2.jpg\",\"width\":584,\"height\":375},{\"@type\":\"BreadcrumbList\",\"@id\":\"https:\\\/\\\/tekirdagboschservisi.com.tr\\\/index.php\\\/2024\\\/03\\\/27\\\/kurutma-makinesinden-camasirlar-nemli-cikiyor\\\/#breadcrumb\",\"itemListElement\":[{\"@type\":\"ListItem\",\"position\":1,\"name\":\"Anasayfa\",\"item\":\"https:\\\/\\\/tekirdagboschservisi.com.tr\\\/\"},{\"@type\":\"ListItem\",\"position\":2,\"name\":\"Kurutma Makinesinden \u00c7ama\u015f\u0131rlar Nemli \u00c7\u0131k\u0131yor\"}]},{\"@type\":\"WebSite\",\"@id\":\"https:\\\/\\\/tekirdagboschservisi.com.tr\\\/#website\",\"url\":\"https:\\\/\\\/tekirdagboschservisi.com.tr\\\/\",\"name\":\"Tekirda\u011f Bosch Servisi\",\"description\":\"0282 263 22 96\",\"publisher\":{\"@id\":\"https:\\\/\\\/tekirdagboschservisi.com.tr\\\/#organization\"},\"potentialAction\":[{\"@type\":\"SearchAction\",\"target\":{\"@type\":\"EntryPoint\",\"urlTemplate\":\"https:\\\/\\\/tekirdagboschservisi.com.tr\\\/?s={search_term_string}\"},\"query-input\":{\"@type\":\"PropertyValueSpecification\",\"valueRequired\":true,\"valueName\":\"search_term_string\"}}],\"inLanguage\":\"tr\"},{\"@type\":\"Organization\",\"@id\":\"https:\\\/\\\/tekirdagboschservisi.com.tr\\\/#organization\",\"name\":\"Tekirda\u011f Bosch Servisi\",\"url\":\"https:\\\/\\\/tekirdagboschservisi.com.tr\\\/\",\"logo\":{\"@type\":\"ImageObject\",\"inLanguage\":\"tr\",\"@id\":\"https:\\\/\\\/tekirdagboschservisi.com.tr\\\/#\\\/schema\\\/logo\\\/image\\\/\",\"url\":\"https:\\\/\\\/tekirdagboschservisi.com.tr\\\/wp-content\\\/uploads\\\/2024\\\/03\\\/7502c4fab3c11f90ed12b06b5e7b138d-1.jpg\",\"contentUrl\":\"https:\\\/\\\/tekirdagboschservisi.com.tr\\\/wp-content\\\/uploads\\\/2024\\\/03\\\/7502c4fab3c11f90ed12b06b5e7b138d-1.jpg\",\"width\":250,\"height\":92,\"caption\":\"Tekirda\u011f Bosch Servisi\"},\"image\":{\"@id\":\"https:\\\/\\\/tekirdagboschservisi.com.tr\\\/#\\\/schema\\\/logo\\\/image\\\/\"}},{\"@type\":\"Person\",\"@id\":\"https:\\\/\\\/tekirdagboschservisi.com.tr\\\/#\\\/schema\\\/person\\\/edc9799f1a76b681707496086fab3ebe\",\"name\":\"admin\",\"image\":{\"@type\":\"ImageObject\",\"inLanguage\":\"tr\",\"@id\":\"https:\\\/\\\/secure.gravatar.com\\\/avatar\\\/db70c2b6f6e9a750c63863236e8b79698035aa5b561aef5deda998a2b8dbe5b4?s=96&d=mm&r=g\",\"url\":\"https:\\\/\\\/secure.gravatar.com\\\/avatar\\\/db70c2b6f6e9a750c63863236e8b79698035aa5b561aef5deda998a2b8dbe5b4?s=96&d=mm&r=g\",\"contentUrl\":\"https:\\\/\\\/secure.gravatar.com\\\/avatar\\\/db70c2b6f6e9a750c63863236e8b79698035aa5b561aef5deda998a2b8dbe5b4?s=96&d=mm&r=g\",\"caption\":\"admin\"},\"sameAs\":[\"https:\\\/\\\/tekirdagboschservisi.com.tr\"],\"url\":\"https:\\\/\\\/tekirdagboschservisi.com.tr\\\/index.php\\\/author\\\/bosch-tekirdag\\\/\"}]}<\/script>\n<!-- \/ Yoast SEO plugin. -->","yoast_head_json":{"title":"Kurutma Makinesinden \u00c7ama\u015f\u0131rlar Nemli \u00c7\u0131k\u0131yor - Tekirda\u011f Bosch Servisi","description":"Bosch Kurutma Makinesinden \u00c7ama\u015f\u0131rlar Nemli \u00c7\u0131k\u0131yor Sorunu ve \u00c7\u00f6z\u00fcm \u00d6nerileri Yaz\u0131m\u0131zdad\u0131r. Tekirda\u011f Bosch Beyaz E\u015fya Servisi 0282 263 22 96.","robots":{"index":"index","follow":"follow","max-snippet":"max-snippet:-1","max-image-preview":"max-image-preview:large","max-video-preview":"max-video-preview:-1"},"canonical":"https:\/\/tekirdagboschservisi.com.tr\/index.php\/2024\/03\/27\/kurutma-makinesinden-camasirlar-nemli-cikiyor\/","og_locale":"tr_TR","og_type":"article","og_title":"Kurutma Makinesinden \u00c7ama\u015f\u0131rlar Nemli \u00c7\u0131k\u0131yor - Tekirda\u011f Bosch Servisi","og_description":"Bosch Kurutma Makinesinden \u00c7ama\u015f\u0131rlar Nemli \u00c7\u0131k\u0131yor Sorunu ve \u00c7\u00f6z\u00fcm \u00d6nerileri Yaz\u0131m\u0131zdad\u0131r. Tekirda\u011f Bosch Beyaz E\u015fya Servisi 0282 263 22 96.","og_url":"https:\/\/tekirdagboschservisi.com.tr\/index.php\/2024\/03\/27\/kurutma-makinesinden-camasirlar-nemli-cikiyor\/","og_site_name":"Tekirda\u011f Bosch Servisi","article_published_time":"2024-03-27T12:21:33+00:00","og_image":[{"url":"https:\/\/tekirdagboschservisi.com.tr\/wp-content\/uploads\/2024\/03\/bosch-kurutma-makinesi-2.jpg","type":"","width":"","height":""}],"author":"admin","twitter_card":"summary_large_image","twitter_misc":{"Yazan:":"admin","Tahmini okuma s\u00fcresi":"2 dakika"},"schema":{"@context":"https:\/\/schema.org","@graph":[{"@type":"Article","@id":"https:\/\/tekirdagboschservisi.com.tr\/index.php\/2024\/03\/27\/kurutma-makinesinden-camasirlar-nemli-cikiyor\/#article","isPartOf":{"@id":"https:\/\/tekirdagboschservisi.com.tr\/index.php\/2024\/03\/27\/kurutma-makinesinden-camasirlar-nemli-cikiyor\/"},"author":{"name":"admin","@id":"https:\/\/tekirdagboschservisi.com.tr\/#\/schema\/person\/edc9799f1a76b681707496086fab3ebe"},"headline":"Kurutma Makinesinden \u00c7ama\u015f\u0131rlar Nemli \u00c7\u0131k\u0131yor","datePublished":"2024-03-27T12:21:33+00:00","mainEntityOfPage":{"@id":"https:\/\/tekirdagboschservisi.com.tr\/index.php\/2024\/03\/27\/kurutma-makinesinden-camasirlar-nemli-cikiyor\/"},"wordCount":408,"commentCount":0,"publisher":{"@id":"https:\/\/tekirdagboschservisi.com.tr\/#organization"},"image":{"@id":"https:\/\/tekirdagboschservisi.com.tr\/index.php\/2024\/03\/27\/kurutma-makinesinden-camasirlar-nemli-cikiyor\/#primaryimage"},"thumbnailUrl":"https:\/\/tekirdagboschservisi.com.tr\/wp-content\/uploads\/2024\/03\/bosch-kurutma-makinesi-2.jpg","keywords":["Bosch Kurutma Makinesi Ar\u0131za","Bosch Kurutma Makinesi Ar\u0131zalar\u0131","Bosch Kurutma Makinesinden \u00c7ama\u015f\u0131rlar Nemli \u00c7\u0131k\u0131yor","Bosch Kurutma Makinesinden \u00c7ama\u015f\u0131rlar Nemli \u00c7\u0131k\u0131yor Sorunu","Bosch Kurutma Makinesinden \u00c7ama\u015f\u0131rlar Nemli \u00c7\u0131k\u0131yor Sorunu ve \u00c7\u00f6z\u00fcm Yollar\u0131","Kurutma Makinesinden \u00c7ama\u015f\u0131rlar Nemli \u00c7\u0131k\u0131yor"],"articleSection":["Tekirda\u011f Bosch Kurutma Makinesi Servisi"],"inLanguage":"tr","potentialAction":[{"@type":"CommentAction","name":"Comment","target":["https:\/\/tekirdagboschservisi.com.tr\/index.php\/2024\/03\/27\/kurutma-makinesinden-camasirlar-nemli-cikiyor\/#respond"]}]},{"@type":"WebPage","@id":"https:\/\/tekirdagboschservisi.com.tr\/index.php\/2024\/03\/27\/kurutma-makinesinden-camasirlar-nemli-cikiyor\/","url":"https:\/\/tekirdagboschservisi.com.tr\/index.php\/2024\/03\/27\/kurutma-makinesinden-camasirlar-nemli-cikiyor\/","name":"Kurutma Makinesinden \u00c7ama\u015f\u0131rlar Nemli \u00c7\u0131k\u0131yor - Tekirda\u011f Bosch Servisi","isPartOf":{"@id":"https:\/\/tekirdagboschservisi.com.tr\/#website"},"primaryImageOfPage":{"@id":"https:\/\/tekirdagboschservisi.com.tr\/index.php\/2024\/03\/27\/kurutma-makinesinden-camasirlar-nemli-cikiyor\/#primaryimage"},"image":{"@id":"https:\/\/tekirdagboschservisi.com.tr\/index.php\/2024\/03\/27\/kurutma-makinesinden-camasirlar-nemli-cikiyor\/#primaryimage"},"thumbnailUrl":"https:\/\/tekirdagboschservisi.com.tr\/wp-content\/uploads\/2024\/03\/bosch-kurutma-makinesi-2.jpg","datePublished":"2024-03-27T12:21:33+00:00","description":"Bosch Kurutma Makinesinden \u00c7ama\u015f\u0131rlar Nemli \u00c7\u0131k\u0131yor Sorunu ve \u00c7\u00f6z\u00fcm \u00d6nerileri Yaz\u0131m\u0131zdad\u0131r. Tekirda\u011f Bosch Beyaz E\u015fya Servisi 0282 263 22 96.","breadcrumb":{"@id":"https:\/\/tekirdagboschservisi.com.tr\/index.php\/2024\/03\/27\/kurutma-makinesinden-camasirlar-nemli-cikiyor\/#breadcrumb"},"inLanguage":"tr","potentialAction":[{"@type":"ReadAction","target":["https:\/\/tekirdagboschservisi.com.tr\/index.php\/2024\/03\/27\/kurutma-makinesinden-camasirlar-nemli-cikiyor\/"]}]},{"@type":"ImageObject","inLanguage":"tr","@id":"https:\/\/tekirdagboschservisi.com.tr\/index.php\/2024\/03\/27\/kurutma-makinesinden-camasirlar-nemli-cikiyor\/#primaryimage","url":"https:\/\/tekirdagboschservisi.com.tr\/wp-content\/uploads\/2024\/03\/bosch-kurutma-makinesi-2.jpg","contentUrl":"https:\/\/tekirdagboschservisi.com.tr\/wp-content\/uploads\/2024\/03\/bosch-kurutma-makinesi-2.jpg","width":584,"height":375},{"@type":"BreadcrumbList","@id":"https:\/\/tekirdagboschservisi.com.tr\/index.php\/2024\/03\/27\/kurutma-makinesinden-camasirlar-nemli-cikiyor\/#breadcrumb","itemListElement":[{"@type":"ListItem","position":1,"name":"Anasayfa","item":"https:\/\/tekirdagboschservisi.com.tr\/"},{"@type":"ListItem","position":2,"name":"Kurutma Makinesinden \u00c7ama\u015f\u0131rlar Nemli \u00c7\u0131k\u0131yor"}]},{"@type":"WebSite","@id":"https:\/\/tekirdagboschservisi.com.tr\/#website","url":"https:\/\/tekirdagboschservisi.com.tr\/","name":"Tekirda\u011f Bosch Servisi","description":"0282 263 22 96","publisher":{"@id":"https:\/\/tekirdagboschservisi.com.tr\/#organization"},"potentialAction":[{"@type":"SearchAction","target":{"@type":"EntryPoint","urlTemplate":"https:\/\/tekirdagboschservisi.com.tr\/?s={search_term_string}"},"query-input":{"@type":"PropertyValueSpecification","valueRequired":true,"valueName":"search_term_string"}}],"inLanguage":"tr"},{"@type":"Organization","@id":"https:\/\/tekirdagboschservisi.com.tr\/#organization","name":"Tekirda\u011f Bosch Servisi","url":"https:\/\/tekirdagboschservisi.com.tr\/","logo":{"@type":"ImageObject","inLanguage":"tr","@id":"https:\/\/tekirdagboschservisi.com.tr\/#\/schema\/logo\/image\/","url":"https:\/\/tekirdagboschservisi.com.tr\/wp-content\/uploads\/2024\/03\/7502c4fab3c11f90ed12b06b5e7b138d-1.jpg","contentUrl":"https:\/\/tekirdagboschservisi.com.tr\/wp-content\/uploads\/2024\/03\/7502c4fab3c11f90ed12b06b5e7b138d-1.jpg","width":250,"height":92,"caption":"Tekirda\u011f Bosch Servisi"},"image":{"@id":"https:\/\/tekirdagboschservisi.com.tr\/#\/schema\/logo\/image\/"}},{"@type":"Person","@id":"https:\/\/tekirdagboschservisi.com.tr\/#\/schema\/person\/edc9799f1a76b681707496086fab3ebe","name":"admin","image":{"@type":"ImageObject","inLanguage":"tr","@id":"https:\/\/secure.gravatar.com\/avatar\/db70c2b6f6e9a750c63863236e8b79698035aa5b561aef5deda998a2b8dbe5b4?s=96&d=mm&r=g","url":"https:\/\/secure.gravatar.com\/avatar\/db70c2b6f6e9a750c63863236e8b79698035aa5b561aef5deda998a2b8dbe5b4?s=96&d=mm&r=g","contentUrl":"https:\/\/secure.gravatar.com\/avatar\/db70c2b6f6e9a750c63863236e8b79698035aa5b561aef5deda998a2b8dbe5b4?s=96&d=mm&r=g","caption":"admin"},"sameAs":["https:\/\/tekirdagboschservisi.com.tr"],"url":"https:\/\/tekirdagboschservisi.com.tr\/index.php\/author\/bosch-tekirdag\/"}]}},"_links":{"self":[{"href":"https:\/\/tekirdagboschservisi.com.tr\/index.php\/wp-json\/wp\/v2\/posts\/324","targetHints":{"allow":["GET"]}}],"collection":[{"href":"https:\/\/tekirdagboschservisi.com.tr\/index.php\/wp-json\/wp\/v2\/posts"}],"about":[{"href":"https:\/\/tekirdagboschservisi.com.tr\/index.php\/wp-json\/wp\/v2\/types\/post"}],"author":[{"embeddable":true,"href":"https:\/\/tekirdagboschservisi.com.tr\/index.php\/wp-json\/wp\/v2\/users\/1"}],"replies":[{"embeddable":true,"href":"https:\/\/tekirdagboschservisi.com.tr\/index.php\/wp-json\/wp\/v2\/comments?post=324"}],"version-history":[{"count":1,"href":"https:\/\/tekirdagboschservisi.com.tr\/index.php\/wp-json\/wp\/v2\/posts\/324\/revisions"}],"predecessor-version":[{"id":325,"href":"https:\/\/tekirdagboschservisi.com.tr\/index.php\/wp-json\/wp\/v2\/posts\/324\/revisions\/325"}],"wp:attachment":[{"href":"https:\/\/tekirdagboschservisi.com.tr\/index.php\/wp-json\/wp\/v2\/media?parent=324"}],"wp:term":[{"taxonomy":"category","embeddable":true,"href":"https:\/\/tekirdagboschservisi.com.tr\/index.php\/wp-json\/wp\/v2\/categories?post=324"},{"taxonomy":"post_tag","embeddable":true,"href":"https:\/\/tekirdagboschservisi.com.tr\/index.php\/wp-json\/wp\/v2\/tags?post=324"}],"curies":[{"name":"wp","href":"https:\/\/api.w.org\/{rel}","templated":true}]}}