{"id":308,"date":"2024-03-26T18:13:54","date_gmt":"2024-03-26T18:13:54","guid":{"rendered":"https:\/\/tekirdagboschservisi.com.tr\/?p=308"},"modified":"2024-03-26T18:47:05","modified_gmt":"2024-03-26T18:47:05","slug":"bulasik-makinesi-bulasiklari-kokulu-cikariyor","status":"publish","type":"post","link":"https:\/\/tekirdagboschservisi.com.tr\/index.php\/2024\/03\/26\/bulasik-makinesi-bulasiklari-kokulu-cikariyor\/","title":{"rendered":"Bula\u015f\u0131k Makinesi Bula\u015f\u0131klar\u0131 Kokulu \u00c7\u0131kar\u0131yor"},"content":{"rendered":"<p><img fetchpriority=\"high\" decoding=\"async\" class=\"aligncenter wp-image-285 size-full\" src=\"https:\/\/tekirdagboschservisi.com.tr\/wp-content\/uploads\/2024\/03\/bosch-servisi.png\" alt=\"Bula\u015f\u0131k Makinesi Bula\u015f\u0131klar\u0131 Kokulu \u00c7\u0131kar\u0131yor\" width=\"740\" height=\"364\" srcset=\"https:\/\/tekirdagboschservisi.com.tr\/wp-content\/uploads\/2024\/03\/bosch-servisi.png 740w, https:\/\/tekirdagboschservisi.com.tr\/wp-content\/uploads\/2024\/03\/bosch-servisi-300x148.png 300w\" sizes=\"(max-width: 740px) 100vw, 740px\" \/><\/p>\n<h1><strong>Bosch Bula\u015f\u0131k Makinesinden Bula\u015f\u0131klar\u0131n Kokulu \u00c7\u0131kmas\u0131: Sorun ve \u00c7\u00f6z\u00fcm \u00d6nerileri<\/strong><\/h1>\n<p><a href=\"https:\/\/tekirdagboschservisi.com.tr\/index.php\/tekirdag-bosch-beyaz-esya-servisi-2\/bosch-bulasik-makinesi-servisi\/\">Bula\u015f\u0131k<\/a> Makinesi Bula\u015f\u0131klar\u0131 Kokulu \u00c7\u0131kar\u0131yor sorunu, kullan\u0131c\u0131lar i\u00e7in ho\u015f olmayan bir durum olabilir ve hijyenik olmayan bir y\u0131kama deneyimine neden olur. Bu sorunun birka\u00e7 yayg\u0131n nedeni vard\u0131r ve do\u011fru \u00e7\u00f6z\u00fcm \u00f6nerileri uygulanarak genellikle \u00e7\u00f6z\u00fcl\u00fcr. \u0130\u015fte bu sorunun nedenleri ve \u00e7\u00f6z\u00fcm \u00f6nerileri:<\/p>\n<p><strong>Sorunun Nedenleri:<\/strong><\/p>\n<ol>\n<li><strong>K\u00fcf ve Mantar Olu\u015fumu:<\/strong> <a href=\"https:\/\/garanti-teknik.com\/index.php\/bosch-beyaz-esya-servisi\/bosch-bulasik-makinesi-servisi\/\">Nemli<\/a> ve kapal\u0131 bir ortamda bula\u015f\u0131k makinesinin i\u00e7 k\u0131sm\u0131nda k\u00fcf ve mantar olu\u015fur. Bu, bula\u015f\u0131klar\u0131n kokulu olmas\u0131na neden olur.<\/li>\n<li><strong>G\u0131da Art\u0131klar\u0131n\u0131n Birikmesi:<\/strong> Bula\u015f\u0131k makinesinin filtrelerinde veya contalar\u0131nda biriken g\u0131da art\u0131klar\u0131, k\u00f6t\u00fc koku olu\u015fumuna yol a\u00e7ar.<\/li>\n<li><strong>Su S\u0131cakl\u0131\u011f\u0131 Sorunu:<\/strong> Bula\u015f\u0131k makinesinin su s\u0131cakl\u0131\u011f\u0131 yeterince y\u00fcksek de\u011filse, bakteri ve mikroplar\u0131n \u00fcremesi kolayla\u015f\u0131r. Bu da bula\u015f\u0131klar\u0131n kokulu olmas\u0131na neden olur.<\/li>\n<li><strong>K\u00f6t\u00fc Deterjan Kal\u0131nt\u0131lar\u0131:<\/strong> Kullan\u0131lan deterjan\u0131n kalitesiz veya k\u00f6t\u00fc kal\u0131nt\u0131 b\u0131rakan bir t\u00fcr olmas\u0131, bula\u015f\u0131klar\u0131n kokulu olmas\u0131na neden olur.<\/li>\n<\/ol>\n<h2><strong>Bula\u015f\u0131k Makinesi Bula\u015f\u0131klar\u0131 Kokulu \u00c7\u0131kar\u0131yor \u00c7\u00f6z\u00fcm \u00d6nerileri:<\/strong><\/h2>\n<ol>\n<li><strong>Bula\u015f\u0131k Makinesini Temizleyin:<\/strong> Bula\u015f\u0131k makinesinin i\u00e7ini ve d\u0131\u015f\u0131n\u0131 d\u00fczenli olarak temizleyin. \u0130\u00e7 k\u0131sm\u0131, \u00f6zellikle filtreleri, contalar\u0131 ve p\u00fcsk\u00fcrtme kollar\u0131n\u0131 temizlemek. \u0130\u00e7in bir bula\u015f\u0131k makinesi temizleyicisi veya sirke ile y\u0131kay\u0131n.<\/li>\n<li><strong>Kap\u0131y\u0131 A\u00e7\u0131k Tutun:<\/strong> Bula\u015f\u0131k makinesi kullan\u0131m\u0131 bittikten sonra kap\u0131s\u0131n\u0131 bir s\u00fcre a\u00e7\u0131k b\u0131rakarak i\u00e7 k\u0131sm\u0131n havaland\u0131r\u0131lmas\u0131n\u0131 sa\u011flay\u0131n. Bu, nemin ve k\u00fcf olu\u015fumunun \u00f6nlenmesine yard\u0131mc\u0131 olur.<\/li>\n<li><strong>Deterjan Se\u00e7imi ve Dozaj\u0131:<\/strong> Y\u00fcksek kaliteli ve kokusuz bir deterjan kullan\u0131n. Ayr\u0131ca, do\u011fru dozaj\u0131 kullanmaya \u00f6zen g\u00f6sterin. Fazla deterjan kullan\u0131m\u0131, k\u00f6t\u00fc koku olu\u015fumuna neden olur.<\/li>\n<li><strong>S\u0131cak Su Kullan\u0131m\u0131:<\/strong> Bula\u015f\u0131k makinesinin su s\u0131cakl\u0131\u011f\u0131n\u0131 art\u0131rarak bakteri ve mikroplar\u0131n \u00f6ld\u00fcr\u00fclmesini sa\u011flay\u0131n. Ayr\u0131ca, bula\u015f\u0131k makinesinin s\u0131cakl\u0131k ayarlar\u0131n\u0131 d\u00fczenli olarak kontrol edin ve gerekti\u011finde ayarlay\u0131n.<\/li>\n<li><strong>Bula\u015f\u0131klar\u0131 \u00d6n Y\u0131kama:<\/strong> Bula\u015f\u0131klar\u0131 bula\u015f\u0131k makinesine yerle\u015ftirmeden \u00f6nce, b\u00fcy\u00fck par\u00e7alar\u0131 ve g\u0131da art\u0131klar\u0131n\u0131 bula\u015f\u0131klardan temizleyin. Bu, makinenin daha etkili bir \u015fekilde temizlik yapmas\u0131na yard\u0131mc\u0131 olur.<\/li>\n<li><strong>K\u00f6t\u00fc Kokular \u0130\u00e7in Do\u011fal \u00c7\u00f6z\u00fcmler:<\/strong> K\u00f6t\u00fc kokular\u0131 gidermek i\u00e7in bir miktar sirkeyi veya karbonat\u0131. Bula\u015f\u0131k makinesinin i\u00e7ine koyarak bo\u015f bir y\u0131kama d\u00f6ng\u00fcs\u00fc \u00e7al\u0131\u015ft\u0131r\u0131n. Bu, k\u00f6t\u00fc kokular\u0131n giderilmesine yard\u0131mc\u0131 olur.<\/li>\n<\/ol>\n<p>Bosch bula\u015f\u0131k makinesinden bula\u015f\u0131klar\u0131n kokulu \u00e7\u0131kmas\u0131 sorunuyla kar\u015f\u0131la\u015ft\u0131\u011f\u0131n\u0131zda, yukar\u0131daki \u00e7\u00f6z\u00fcm \u00f6nerilerini uygulayarak sorunu \u00e7\u00f6zmeye \u00e7al\u0131\u015f\u0131n. Ancak, sorunun devam etmesi durumunda veya ciddi bir ar\u0131za varsa, profesyonel bir teknisyenin yard\u0131m\u0131n\u0131 almal\u0131s\u0131n\u0131z.<\/p>\n<p>&nbsp;<\/p>\n","protected":false},"excerpt":{"rendered":"<p>Bosch Bula\u015f\u0131k Makinesinden Bula\u015f\u0131klar\u0131n Kokulu \u00c7\u0131kmas\u0131: Sorun ve \u00c7\u00f6z\u00fcm \u00d6nerileri Bula\u015f\u0131k Makinesi Bula\u015f\u0131klar\u0131 Kokulu \u00c7\u0131kar\u0131yor sorunu, kullan\u0131c\u0131lar i\u00e7in ho\u015f olmayan bir durum olabilir ve hijyenik [&hellip;]<\/p>\n","protected":false},"author":1,"featured_media":0,"comment_status":"open","ping_status":"open","sticky":false,"template":"","format":"standard","meta":{"footnotes":""},"categories":[95],"tags":[107,118,119,120,101,117],"class_list":["post-308","post","type-post","status-publish","format-standard","hentry","category-tekirdag-bosch-bulasik-makinesi-servisi","tag-bosch-bulasik-makinesi-ariza","tag-bosch-bulasik-makinesi-bulasiklari-kokulu-cikariyor","tag-bosch-bulasik-makinesi-bulasiklari-kokulu-cikariyor-sorunu","tag-bosch-bulasik-makinesi-bulasiklari-kokulu-cikariyor-sorunu-ve-cozum-yollari","tag-bosch-bulasik-makinesini-arizalari","tag-bulasik-makinesi-bulasiklari-kokulu-cikariyor"],"yoast_head":"<!-- This site is optimized with the Yoast SEO plugin v27.5 - https:\/\/yoast.com\/product\/yoast-seo-wordpress\/ -->\n<title>Bula\u015f\u0131k Makinesi Bula\u015f\u0131klar\u0131 Kokulu \u00c7\u0131kar\u0131yor - Tekirda\u011f Bosch Servisi<\/title>\n<meta name=\"description\" content=\"Bosch Bula\u015f\u0131k Makinesi Bula\u015f\u0131klar\u0131 Kokulu \u00c7\u0131kar\u0131yor Sorunu ve \u00c7\u00f6z\u00fcm Yollar\u0131 Yaz\u0131m\u0131zdad\u0131r. Tekirda\u011f Bosch Beyaz E\u015fya Servisi 0282 263 22 96.\" \/>\n<meta name=\"robots\" content=\"index, follow, max-snippet:-1, max-image-preview:large, max-video-preview:-1\" \/>\n<link rel=\"canonical\" href=\"https:\/\/tekirdagboschservisi.com.tr\/index.php\/2024\/03\/26\/bulasik-makinesi-bulasiklari-kokulu-cikariyor\/\" \/>\n<meta property=\"og:locale\" content=\"tr_TR\" \/>\n<meta property=\"og:type\" content=\"article\" \/>\n<meta property=\"og:title\" content=\"Bula\u015f\u0131k Makinesi Bula\u015f\u0131klar\u0131 Kokulu \u00c7\u0131kar\u0131yor - Tekirda\u011f Bosch Servisi\" \/>\n<meta property=\"og:description\" content=\"Bosch Bula\u015f\u0131k Makinesi Bula\u015f\u0131klar\u0131 Kokulu \u00c7\u0131kar\u0131yor Sorunu ve \u00c7\u00f6z\u00fcm Yollar\u0131 Yaz\u0131m\u0131zdad\u0131r. Tekirda\u011f Bosch Beyaz E\u015fya Servisi 0282 263 22 96.\" \/>\n<meta property=\"og:url\" content=\"https:\/\/tekirdagboschservisi.com.tr\/index.php\/2024\/03\/26\/bulasik-makinesi-bulasiklari-kokulu-cikariyor\/\" \/>\n<meta property=\"og:site_name\" content=\"Tekirda\u011f Bosch Servisi\" \/>\n<meta property=\"article:published_time\" content=\"2024-03-26T18:13:54+00:00\" \/>\n<meta property=\"article:modified_time\" content=\"2024-03-26T18:47:05+00:00\" \/>\n<meta property=\"og:image\" content=\"https:\/\/tekirdagboschservisi.com.tr\/wp-content\/uploads\/2024\/03\/bosch-servisi.png\" \/>\n<meta name=\"author\" content=\"admin\" \/>\n<meta name=\"twitter:card\" content=\"summary_large_image\" \/>\n<meta name=\"twitter:label1\" content=\"Yazan:\" \/>\n\t<meta name=\"twitter:data1\" content=\"admin\" \/>\n\t<meta name=\"twitter:label2\" content=\"Tahmini okuma s\u00fcresi\" \/>\n\t<meta name=\"twitter:data2\" content=\"3 dakika\" \/>\n<script type=\"application\/ld+json\" class=\"yoast-schema-graph\">{\"@context\":\"https:\\\/\\\/schema.org\",\"@graph\":[{\"@type\":\"Article\",\"@id\":\"https:\\\/\\\/tekirdagboschservisi.com.tr\\\/index.php\\\/2024\\\/03\\\/26\\\/bulasik-makinesi-bulasiklari-kokulu-cikariyor\\\/#article\",\"isPartOf\":{\"@id\":\"https:\\\/\\\/tekirdagboschservisi.com.tr\\\/index.php\\\/2024\\\/03\\\/26\\\/bulasik-makinesi-bulasiklari-kokulu-cikariyor\\\/\"},\"author\":{\"name\":\"admin\",\"@id\":\"https:\\\/\\\/tekirdagboschservisi.com.tr\\\/#\\\/schema\\\/person\\\/edc9799f1a76b681707496086fab3ebe\"},\"headline\":\"Bula\u015f\u0131k Makinesi Bula\u015f\u0131klar\u0131 Kokulu \u00c7\u0131kar\u0131yor\",\"datePublished\":\"2024-03-26T18:13:54+00:00\",\"dateModified\":\"2024-03-26T18:47:05+00:00\",\"mainEntityOfPage\":{\"@id\":\"https:\\\/\\\/tekirdagboschservisi.com.tr\\\/index.php\\\/2024\\\/03\\\/26\\\/bulasik-makinesi-bulasiklari-kokulu-cikariyor\\\/\"},\"wordCount\":505,\"commentCount\":0,\"publisher\":{\"@id\":\"https:\\\/\\\/tekirdagboschservisi.com.tr\\\/#organization\"},\"image\":{\"@id\":\"https:\\\/\\\/tekirdagboschservisi.com.tr\\\/index.php\\\/2024\\\/03\\\/26\\\/bulasik-makinesi-bulasiklari-kokulu-cikariyor\\\/#primaryimage\"},\"thumbnailUrl\":\"https:\\\/\\\/tekirdagboschservisi.com.tr\\\/wp-content\\\/uploads\\\/2024\\\/03\\\/bosch-servisi.png\",\"keywords\":[\"Bosch Bula\u015f\u0131k Makinesi Ar\u0131za\",\"Bosch Bula\u015f\u0131k Makinesi Bula\u015f\u0131klar\u0131 Kokulu \u00c7\u0131kar\u0131yor\",\"Bosch Bula\u015f\u0131k Makinesi Bula\u015f\u0131klar\u0131 Kokulu \u00c7\u0131kar\u0131yor Sorunu\",\"Bosch Bula\u015f\u0131k Makinesi Bula\u015f\u0131klar\u0131 Kokulu \u00c7\u0131kar\u0131yor Sorunu ve \u00c7\u00f6z\u00fcm Yollar\u0131\",\"Bosch Bula\u015f\u0131k Makinesini Ar\u0131zalar\u0131\",\"Bula\u015f\u0131k Makinesi Bula\u015f\u0131klar\u0131 Kokulu \u00c7\u0131kar\u0131yor\"],\"articleSection\":[\"Tekirda\u011f Bosch Bula\u015f\u0131k Makinesi Servisi\"],\"inLanguage\":\"tr\",\"potentialAction\":[{\"@type\":\"CommentAction\",\"name\":\"Comment\",\"target\":[\"https:\\\/\\\/tekirdagboschservisi.com.tr\\\/index.php\\\/2024\\\/03\\\/26\\\/bulasik-makinesi-bulasiklari-kokulu-cikariyor\\\/#respond\"]}]},{\"@type\":\"WebPage\",\"@id\":\"https:\\\/\\\/tekirdagboschservisi.com.tr\\\/index.php\\\/2024\\\/03\\\/26\\\/bulasik-makinesi-bulasiklari-kokulu-cikariyor\\\/\",\"url\":\"https:\\\/\\\/tekirdagboschservisi.com.tr\\\/index.php\\\/2024\\\/03\\\/26\\\/bulasik-makinesi-bulasiklari-kokulu-cikariyor\\\/\",\"name\":\"Bula\u015f\u0131k Makinesi Bula\u015f\u0131klar\u0131 Kokulu \u00c7\u0131kar\u0131yor - Tekirda\u011f Bosch Servisi\",\"isPartOf\":{\"@id\":\"https:\\\/\\\/tekirdagboschservisi.com.tr\\\/#website\"},\"primaryImageOfPage\":{\"@id\":\"https:\\\/\\\/tekirdagboschservisi.com.tr\\\/index.php\\\/2024\\\/03\\\/26\\\/bulasik-makinesi-bulasiklari-kokulu-cikariyor\\\/#primaryimage\"},\"image\":{\"@id\":\"https:\\\/\\\/tekirdagboschservisi.com.tr\\\/index.php\\\/2024\\\/03\\\/26\\\/bulasik-makinesi-bulasiklari-kokulu-cikariyor\\\/#primaryimage\"},\"thumbnailUrl\":\"https:\\\/\\\/tekirdagboschservisi.com.tr\\\/wp-content\\\/uploads\\\/2024\\\/03\\\/bosch-servisi.png\",\"datePublished\":\"2024-03-26T18:13:54+00:00\",\"dateModified\":\"2024-03-26T18:47:05+00:00\",\"description\":\"Bosch Bula\u015f\u0131k Makinesi Bula\u015f\u0131klar\u0131 Kokulu \u00c7\u0131kar\u0131yor Sorunu ve \u00c7\u00f6z\u00fcm Yollar\u0131 Yaz\u0131m\u0131zdad\u0131r. Tekirda\u011f Bosch Beyaz E\u015fya Servisi 0282 263 22 96.\",\"breadcrumb\":{\"@id\":\"https:\\\/\\\/tekirdagboschservisi.com.tr\\\/index.php\\\/2024\\\/03\\\/26\\\/bulasik-makinesi-bulasiklari-kokulu-cikariyor\\\/#breadcrumb\"},\"inLanguage\":\"tr\",\"potentialAction\":[{\"@type\":\"ReadAction\",\"target\":[\"https:\\\/\\\/tekirdagboschservisi.com.tr\\\/index.php\\\/2024\\\/03\\\/26\\\/bulasik-makinesi-bulasiklari-kokulu-cikariyor\\\/\"]}]},{\"@type\":\"ImageObject\",\"inLanguage\":\"tr\",\"@id\":\"https:\\\/\\\/tekirdagboschservisi.com.tr\\\/index.php\\\/2024\\\/03\\\/26\\\/bulasik-makinesi-bulasiklari-kokulu-cikariyor\\\/#primaryimage\",\"url\":\"https:\\\/\\\/tekirdagboschservisi.com.tr\\\/wp-content\\\/uploads\\\/2024\\\/03\\\/bosch-servisi.png\",\"contentUrl\":\"https:\\\/\\\/tekirdagboschservisi.com.tr\\\/wp-content\\\/uploads\\\/2024\\\/03\\\/bosch-servisi.png\",\"width\":740,\"height\":364},{\"@type\":\"BreadcrumbList\",\"@id\":\"https:\\\/\\\/tekirdagboschservisi.com.tr\\\/index.php\\\/2024\\\/03\\\/26\\\/bulasik-makinesi-bulasiklari-kokulu-cikariyor\\\/#breadcrumb\",\"itemListElement\":[{\"@type\":\"ListItem\",\"position\":1,\"name\":\"Anasayfa\",\"item\":\"https:\\\/\\\/tekirdagboschservisi.com.tr\\\/\"},{\"@type\":\"ListItem\",\"position\":2,\"name\":\"Bula\u015f\u0131k Makinesi Bula\u015f\u0131klar\u0131 Kokulu \u00c7\u0131kar\u0131yor\"}]},{\"@type\":\"WebSite\",\"@id\":\"https:\\\/\\\/tekirdagboschservisi.com.tr\\\/#website\",\"url\":\"https:\\\/\\\/tekirdagboschservisi.com.tr\\\/\",\"name\":\"Tekirda\u011f Bosch Servisi\",\"description\":\"0282 263 22 96\",\"publisher\":{\"@id\":\"https:\\\/\\\/tekirdagboschservisi.com.tr\\\/#organization\"},\"potentialAction\":[{\"@type\":\"SearchAction\",\"target\":{\"@type\":\"EntryPoint\",\"urlTemplate\":\"https:\\\/\\\/tekirdagboschservisi.com.tr\\\/?s={search_term_string}\"},\"query-input\":{\"@type\":\"PropertyValueSpecification\",\"valueRequired\":true,\"valueName\":\"search_term_string\"}}],\"inLanguage\":\"tr\"},{\"@type\":\"Organization\",\"@id\":\"https:\\\/\\\/tekirdagboschservisi.com.tr\\\/#organization\",\"name\":\"Tekirda\u011f Bosch Servisi\",\"url\":\"https:\\\/\\\/tekirdagboschservisi.com.tr\\\/\",\"logo\":{\"@type\":\"ImageObject\",\"inLanguage\":\"tr\",\"@id\":\"https:\\\/\\\/tekirdagboschservisi.com.tr\\\/#\\\/schema\\\/logo\\\/image\\\/\",\"url\":\"https:\\\/\\\/tekirdagboschservisi.com.tr\\\/wp-content\\\/uploads\\\/2024\\\/03\\\/7502c4fab3c11f90ed12b06b5e7b138d-1.jpg\",\"contentUrl\":\"https:\\\/\\\/tekirdagboschservisi.com.tr\\\/wp-content\\\/uploads\\\/2024\\\/03\\\/7502c4fab3c11f90ed12b06b5e7b138d-1.jpg\",\"width\":250,\"height\":92,\"caption\":\"Tekirda\u011f Bosch Servisi\"},\"image\":{\"@id\":\"https:\\\/\\\/tekirdagboschservisi.com.tr\\\/#\\\/schema\\\/logo\\\/image\\\/\"}},{\"@type\":\"Person\",\"@id\":\"https:\\\/\\\/tekirdagboschservisi.com.tr\\\/#\\\/schema\\\/person\\\/edc9799f1a76b681707496086fab3ebe\",\"name\":\"admin\",\"image\":{\"@type\":\"ImageObject\",\"inLanguage\":\"tr\",\"@id\":\"https:\\\/\\\/secure.gravatar.com\\\/avatar\\\/db70c2b6f6e9a750c63863236e8b79698035aa5b561aef5deda998a2b8dbe5b4?s=96&d=mm&r=g\",\"url\":\"https:\\\/\\\/secure.gravatar.com\\\/avatar\\\/db70c2b6f6e9a750c63863236e8b79698035aa5b561aef5deda998a2b8dbe5b4?s=96&d=mm&r=g\",\"contentUrl\":\"https:\\\/\\\/secure.gravatar.com\\\/avatar\\\/db70c2b6f6e9a750c63863236e8b79698035aa5b561aef5deda998a2b8dbe5b4?s=96&d=mm&r=g\",\"caption\":\"admin\"},\"sameAs\":[\"https:\\\/\\\/tekirdagboschservisi.com.tr\"],\"url\":\"https:\\\/\\\/tekirdagboschservisi.com.tr\\\/index.php\\\/author\\\/bosch-tekirdag\\\/\"}]}<\/script>\n<!-- \/ Yoast SEO plugin. -->","yoast_head_json":{"title":"Bula\u015f\u0131k Makinesi Bula\u015f\u0131klar\u0131 Kokulu \u00c7\u0131kar\u0131yor - Tekirda\u011f Bosch Servisi","description":"Bosch Bula\u015f\u0131k Makinesi Bula\u015f\u0131klar\u0131 Kokulu \u00c7\u0131kar\u0131yor Sorunu ve \u00c7\u00f6z\u00fcm Yollar\u0131 Yaz\u0131m\u0131zdad\u0131r. Tekirda\u011f Bosch Beyaz E\u015fya Servisi 0282 263 22 96.","robots":{"index":"index","follow":"follow","max-snippet":"max-snippet:-1","max-image-preview":"max-image-preview:large","max-video-preview":"max-video-preview:-1"},"canonical":"https:\/\/tekirdagboschservisi.com.tr\/index.php\/2024\/03\/26\/bulasik-makinesi-bulasiklari-kokulu-cikariyor\/","og_locale":"tr_TR","og_type":"article","og_title":"Bula\u015f\u0131k Makinesi Bula\u015f\u0131klar\u0131 Kokulu \u00c7\u0131kar\u0131yor - Tekirda\u011f Bosch Servisi","og_description":"Bosch Bula\u015f\u0131k Makinesi Bula\u015f\u0131klar\u0131 Kokulu \u00c7\u0131kar\u0131yor Sorunu ve \u00c7\u00f6z\u00fcm Yollar\u0131 Yaz\u0131m\u0131zdad\u0131r. Tekirda\u011f Bosch Beyaz E\u015fya Servisi 0282 263 22 96.","og_url":"https:\/\/tekirdagboschservisi.com.tr\/index.php\/2024\/03\/26\/bulasik-makinesi-bulasiklari-kokulu-cikariyor\/","og_site_name":"Tekirda\u011f Bosch Servisi","article_published_time":"2024-03-26T18:13:54+00:00","article_modified_time":"2024-03-26T18:47:05+00:00","og_image":[{"url":"https:\/\/tekirdagboschservisi.com.tr\/wp-content\/uploads\/2024\/03\/bosch-servisi.png","type":"","width":"","height":""}],"author":"admin","twitter_card":"summary_large_image","twitter_misc":{"Yazan:":"admin","Tahmini okuma s\u00fcresi":"3 dakika"},"schema":{"@context":"https:\/\/schema.org","@graph":[{"@type":"Article","@id":"https:\/\/tekirdagboschservisi.com.tr\/index.php\/2024\/03\/26\/bulasik-makinesi-bulasiklari-kokulu-cikariyor\/#article","isPartOf":{"@id":"https:\/\/tekirdagboschservisi.com.tr\/index.php\/2024\/03\/26\/bulasik-makinesi-bulasiklari-kokulu-cikariyor\/"},"author":{"name":"admin","@id":"https:\/\/tekirdagboschservisi.com.tr\/#\/schema\/person\/edc9799f1a76b681707496086fab3ebe"},"headline":"Bula\u015f\u0131k Makinesi Bula\u015f\u0131klar\u0131 Kokulu \u00c7\u0131kar\u0131yor","datePublished":"2024-03-26T18:13:54+00:00","dateModified":"2024-03-26T18:47:05+00:00","mainEntityOfPage":{"@id":"https:\/\/tekirdagboschservisi.com.tr\/index.php\/2024\/03\/26\/bulasik-makinesi-bulasiklari-kokulu-cikariyor\/"},"wordCount":505,"commentCount":0,"publisher":{"@id":"https:\/\/tekirdagboschservisi.com.tr\/#organization"},"image":{"@id":"https:\/\/tekirdagboschservisi.com.tr\/index.php\/2024\/03\/26\/bulasik-makinesi-bulasiklari-kokulu-cikariyor\/#primaryimage"},"thumbnailUrl":"https:\/\/tekirdagboschservisi.com.tr\/wp-content\/uploads\/2024\/03\/bosch-servisi.png","keywords":["Bosch Bula\u015f\u0131k Makinesi Ar\u0131za","Bosch Bula\u015f\u0131k Makinesi Bula\u015f\u0131klar\u0131 Kokulu \u00c7\u0131kar\u0131yor","Bosch Bula\u015f\u0131k Makinesi Bula\u015f\u0131klar\u0131 Kokulu \u00c7\u0131kar\u0131yor Sorunu","Bosch Bula\u015f\u0131k Makinesi Bula\u015f\u0131klar\u0131 Kokulu \u00c7\u0131kar\u0131yor Sorunu ve \u00c7\u00f6z\u00fcm Yollar\u0131","Bosch Bula\u015f\u0131k Makinesini Ar\u0131zalar\u0131","Bula\u015f\u0131k Makinesi Bula\u015f\u0131klar\u0131 Kokulu \u00c7\u0131kar\u0131yor"],"articleSection":["Tekirda\u011f Bosch Bula\u015f\u0131k Makinesi Servisi"],"inLanguage":"tr","potentialAction":[{"@type":"CommentAction","name":"Comment","target":["https:\/\/tekirdagboschservisi.com.tr\/index.php\/2024\/03\/26\/bulasik-makinesi-bulasiklari-kokulu-cikariyor\/#respond"]}]},{"@type":"WebPage","@id":"https:\/\/tekirdagboschservisi.com.tr\/index.php\/2024\/03\/26\/bulasik-makinesi-bulasiklari-kokulu-cikariyor\/","url":"https:\/\/tekirdagboschservisi.com.tr\/index.php\/2024\/03\/26\/bulasik-makinesi-bulasiklari-kokulu-cikariyor\/","name":"Bula\u015f\u0131k Makinesi Bula\u015f\u0131klar\u0131 Kokulu \u00c7\u0131kar\u0131yor - Tekirda\u011f Bosch Servisi","isPartOf":{"@id":"https:\/\/tekirdagboschservisi.com.tr\/#website"},"primaryImageOfPage":{"@id":"https:\/\/tekirdagboschservisi.com.tr\/index.php\/2024\/03\/26\/bulasik-makinesi-bulasiklari-kokulu-cikariyor\/#primaryimage"},"image":{"@id":"https:\/\/tekirdagboschservisi.com.tr\/index.php\/2024\/03\/26\/bulasik-makinesi-bulasiklari-kokulu-cikariyor\/#primaryimage"},"thumbnailUrl":"https:\/\/tekirdagboschservisi.com.tr\/wp-content\/uploads\/2024\/03\/bosch-servisi.png","datePublished":"2024-03-26T18:13:54+00:00","dateModified":"2024-03-26T18:47:05+00:00","description":"Bosch Bula\u015f\u0131k Makinesi Bula\u015f\u0131klar\u0131 Kokulu \u00c7\u0131kar\u0131yor Sorunu ve \u00c7\u00f6z\u00fcm Yollar\u0131 Yaz\u0131m\u0131zdad\u0131r. Tekirda\u011f Bosch Beyaz E\u015fya Servisi 0282 263 22 96.","breadcrumb":{"@id":"https:\/\/tekirdagboschservisi.com.tr\/index.php\/2024\/03\/26\/bulasik-makinesi-bulasiklari-kokulu-cikariyor\/#breadcrumb"},"inLanguage":"tr","potentialAction":[{"@type":"ReadAction","target":["https:\/\/tekirdagboschservisi.com.tr\/index.php\/2024\/03\/26\/bulasik-makinesi-bulasiklari-kokulu-cikariyor\/"]}]},{"@type":"ImageObject","inLanguage":"tr","@id":"https:\/\/tekirdagboschservisi.com.tr\/index.php\/2024\/03\/26\/bulasik-makinesi-bulasiklari-kokulu-cikariyor\/#primaryimage","url":"https:\/\/tekirdagboschservisi.com.tr\/wp-content\/uploads\/2024\/03\/bosch-servisi.png","contentUrl":"https:\/\/tekirdagboschservisi.com.tr\/wp-content\/uploads\/2024\/03\/bosch-servisi.png","width":740,"height":364},{"@type":"BreadcrumbList","@id":"https:\/\/tekirdagboschservisi.com.tr\/index.php\/2024\/03\/26\/bulasik-makinesi-bulasiklari-kokulu-cikariyor\/#breadcrumb","itemListElement":[{"@type":"ListItem","position":1,"name":"Anasayfa","item":"https:\/\/tekirdagboschservisi.com.tr\/"},{"@type":"ListItem","position":2,"name":"Bula\u015f\u0131k Makinesi Bula\u015f\u0131klar\u0131 Kokulu \u00c7\u0131kar\u0131yor"}]},{"@type":"WebSite","@id":"https:\/\/tekirdagboschservisi.com.tr\/#website","url":"https:\/\/tekirdagboschservisi.com.tr\/","name":"Tekirda\u011f Bosch Servisi","description":"0282 263 22 96","publisher":{"@id":"https:\/\/tekirdagboschservisi.com.tr\/#organization"},"potentialAction":[{"@type":"SearchAction","target":{"@type":"EntryPoint","urlTemplate":"https:\/\/tekirdagboschservisi.com.tr\/?s={search_term_string}"},"query-input":{"@type":"PropertyValueSpecification","valueRequired":true,"valueName":"search_term_string"}}],"inLanguage":"tr"},{"@type":"Organization","@id":"https:\/\/tekirdagboschservisi.com.tr\/#organization","name":"Tekirda\u011f Bosch Servisi","url":"https:\/\/tekirdagboschservisi.com.tr\/","logo":{"@type":"ImageObject","inLanguage":"tr","@id":"https:\/\/tekirdagboschservisi.com.tr\/#\/schema\/logo\/image\/","url":"https:\/\/tekirdagboschservisi.com.tr\/wp-content\/uploads\/2024\/03\/7502c4fab3c11f90ed12b06b5e7b138d-1.jpg","contentUrl":"https:\/\/tekirdagboschservisi.com.tr\/wp-content\/uploads\/2024\/03\/7502c4fab3c11f90ed12b06b5e7b138d-1.jpg","width":250,"height":92,"caption":"Tekirda\u011f Bosch Servisi"},"image":{"@id":"https:\/\/tekirdagboschservisi.com.tr\/#\/schema\/logo\/image\/"}},{"@type":"Person","@id":"https:\/\/tekirdagboschservisi.com.tr\/#\/schema\/person\/edc9799f1a76b681707496086fab3ebe","name":"admin","image":{"@type":"ImageObject","inLanguage":"tr","@id":"https:\/\/secure.gravatar.com\/avatar\/db70c2b6f6e9a750c63863236e8b79698035aa5b561aef5deda998a2b8dbe5b4?s=96&d=mm&r=g","url":"https:\/\/secure.gravatar.com\/avatar\/db70c2b6f6e9a750c63863236e8b79698035aa5b561aef5deda998a2b8dbe5b4?s=96&d=mm&r=g","contentUrl":"https:\/\/secure.gravatar.com\/avatar\/db70c2b6f6e9a750c63863236e8b79698035aa5b561aef5deda998a2b8dbe5b4?s=96&d=mm&r=g","caption":"admin"},"sameAs":["https:\/\/tekirdagboschservisi.com.tr"],"url":"https:\/\/tekirdagboschservisi.com.tr\/index.php\/author\/bosch-tekirdag\/"}]}},"_links":{"self":[{"href":"https:\/\/tekirdagboschservisi.com.tr\/index.php\/wp-json\/wp\/v2\/posts\/308","targetHints":{"allow":["GET"]}}],"collection":[{"href":"https:\/\/tekirdagboschservisi.com.tr\/index.php\/wp-json\/wp\/v2\/posts"}],"about":[{"href":"https:\/\/tekirdagboschservisi.com.tr\/index.php\/wp-json\/wp\/v2\/types\/post"}],"author":[{"embeddable":true,"href":"https:\/\/tekirdagboschservisi.com.tr\/index.php\/wp-json\/wp\/v2\/users\/1"}],"replies":[{"embeddable":true,"href":"https:\/\/tekirdagboschservisi.com.tr\/index.php\/wp-json\/wp\/v2\/comments?post=308"}],"version-history":[{"count":1,"href":"https:\/\/tekirdagboschservisi.com.tr\/index.php\/wp-json\/wp\/v2\/posts\/308\/revisions"}],"predecessor-version":[{"id":309,"href":"https:\/\/tekirdagboschservisi.com.tr\/index.php\/wp-json\/wp\/v2\/posts\/308\/revisions\/309"}],"wp:attachment":[{"href":"https:\/\/tekirdagboschservisi.com.tr\/index.php\/wp-json\/wp\/v2\/media?parent=308"}],"wp:term":[{"taxonomy":"category","embeddable":true,"href":"https:\/\/tekirdagboschservisi.com.tr\/index.php\/wp-json\/wp\/v2\/categories?post=308"},{"taxonomy":"post_tag","embeddable":true,"href":"https:\/\/tekirdagboschservisi.com.tr\/index.php\/wp-json\/wp\/v2\/tags?post=308"}],"curies":[{"name":"wp","href":"https:\/\/api.w.org\/{rel}","templated":true}]}}