{"id":279,"date":"2024-03-26T14:10:41","date_gmt":"2024-03-26T14:10:41","guid":{"rendered":"https:\/\/tekirdagboschservisi.com.tr\/?p=279"},"modified":"2024-03-26T14:10:41","modified_gmt":"2024-03-26T14:10:41","slug":"bosch-camasir-makinesi-calismiyor","status":"publish","type":"post","link":"https:\/\/tekirdagboschservisi.com.tr\/index.php\/2024\/03\/26\/bosch-camasir-makinesi-calismiyor\/","title":{"rendered":"Bosch \u00c7ama\u015f\u0131r Makinesi \u00c7al\u0131\u015fm\u0131yor"},"content":{"rendered":"<p><img fetchpriority=\"high\" decoding=\"async\" class=\"aligncenter wp-image-211 size-full\" src=\"https:\/\/tekirdagboschservisi.com.tr\/wp-content\/uploads\/2024\/03\/tekirdag-bosch-banner.jpg\" alt=\"Bosch \u00c7ama\u015f\u0131r Makinesi \u00c7al\u0131\u015fm\u0131yor\" width=\"600\" height=\"325\" srcset=\"https:\/\/tekirdagboschservisi.com.tr\/wp-content\/uploads\/2024\/03\/tekirdag-bosch-banner.jpg 600w, https:\/\/tekirdagboschservisi.com.tr\/wp-content\/uploads\/2024\/03\/tekirdag-bosch-banner-300x163.jpg 300w\" sizes=\"(max-width: 600px) 100vw, 600px\" \/><\/p>\n<p><strong>Bosch \u00c7ama\u015f\u0131r Makinesi \u00c7al\u0131\u015fm\u0131yor Sorunu ve \u00c7\u00f6z\u00fcm \u00d6nerileri<\/strong><\/p>\n<p><a href=\"https:\/\/tekirdagboschservisi.com.tr\/index.php\/tekirdag-bosch-beyaz-esya-servisi-2\/bosch-camasir-makinesi-servisi\/\">Bosch<\/a> \u00e7ama\u015f\u0131r makinesinin \u00e7al\u0131\u015fmama sorunu, kullan\u0131c\u0131lar i\u00e7in b\u00fcy\u00fck bir sorun olabilir ve evdeki g\u00fcnl\u00fck ya\u015fam\u0131 ciddi \u015fekilde etkileyebilir. Ancak, bu t\u00fcr bir sorunla kar\u015f\u0131la\u015f\u0131ld\u0131\u011f\u0131nda, belirli ad\u0131mlar izlenerek genellikle \u00e7\u00f6z\u00fclebilir. \u0130\u015fte bu sorunun yayg\u0131n nedenleri ve \u00e7\u00f6z\u00fcm \u00f6nerileri:<\/p>\n<p><strong>Sorunun Nedenleri:<\/strong><\/p>\n<ol>\n<li><strong>Elektrik Ba\u011flant\u0131s\u0131 Problemleri:<\/strong> <a href=\"https:\/\/garanti-teknik.com\/index.php\/bosch-beyaz-esya-servisi\/bosch-camasir-makinesi-servisi\/\">\u00c7ama\u015f\u0131r<\/a> makinesinin fi\u015finin tam olarak tak\u0131l\u0131 olmamas\u0131. Elektrik kesintisi veya prizdeki bir ar\u0131za gibi elektrik ba\u011flant\u0131s\u0131 problemleri, makinenin \u00e7al\u0131\u015fmamas\u0131na neden olur.<\/li>\n<li><strong>Ana G\u00fc\u00e7 Anahtar\u0131n\u0131n Kapanmam\u0131\u015f Olmas\u0131:<\/strong> Baz\u0131 Bosch \u00e7ama\u015f\u0131r makineleri, ana g\u00fc\u00e7 anahtar\u0131na sahiptir. Bu anahtar\u0131n yanl\u0131\u015fl\u0131kla kapal\u0131 olmas\u0131, makinenin \u00e7al\u0131\u015fmamas\u0131na neden olur.<\/li>\n<li><strong>Program Se\u00e7imi Sorunu:<\/strong> \u00c7ama\u015f\u0131r makinesinin ba\u015flat\u0131lmas\u0131 i\u00e7in do\u011fru program\u0131n se\u00e7ili olmamas\u0131 veya program d\u00fc\u011fmesinin do\u011fru bir \u015fekilde ayarl\u0131 olmamas\u0131, makinenin \u00e7al\u0131\u015fmamas\u0131na neden olur.<\/li>\n<\/ol>\n<p><strong>Bosch \u00c7ama\u015f\u0131r Makinesi \u00c7al\u0131\u015fm\u0131yor \u00c7\u00f6z\u00fcm \u00d6nerileri:<\/strong><\/p>\n<ol>\n<li><strong>Elektrik Ba\u011flant\u0131s\u0131n\u0131 Kontrol Edin:<\/strong> \u00c7ama\u015f\u0131r makinesinin fi\u015finin d\u00fczg\u00fcn bir \u015fekilde prize tak\u0131l\u0131 oldu\u011fundan veya prize elektrik geldi\u011finden emin olun. Ayr\u0131ca, evinizde bir elektrik kesintisi olup olmad\u0131\u011f\u0131n\u0131 kontrol edin ve gerekirse sigortay\u0131 kontrol edin veya yeniden s\u0131f\u0131rlay\u0131n.<\/li>\n<li><strong>Ana G\u00fc\u00e7 Anahtar\u0131n\u0131 Kontrol Edin:<\/strong> \u00c7ama\u015f\u0131r makinesinin ana g\u00fc\u00e7 anahtar\u0131n\u0131n do\u011fru bir \u015fekilde a\u00e7\u0131k konumda oldu\u011fundan emin olun. Baz\u0131 modellerde bu anahtar, makinenin elektrik beslemesini a\u00e7ar veya kapat\u0131r.<\/li>\n<li><strong>Program\u0131 Do\u011fru Bir \u015eekilde Se\u00e7in:<\/strong> \u00c7ama\u015f\u0131r makinesinin ba\u015flat\u0131lmas\u0131 i\u00e7in do\u011fru program\u0131 se\u00e7ti\u011finizden ve program d\u00fc\u011fmesinin do\u011fru bir \u015fekilde ayarland\u0131\u011f\u0131ndan emin olun. Ayr\u0131ca, gerekirse kullan\u0131m k\u0131lavuzunu kontrol ederek do\u011fru program\u0131n nas\u0131l se\u00e7ilece\u011fini \u00f6\u011frenin.<\/li>\n<li><strong>Fazla Y\u00fck\u00fc Azalt\u0131n:<\/strong> \u00c7ama\u015f\u0131r makinesine fazla y\u00fck bindirmek, makinenin \u00e7al\u0131\u015fmas\u0131n\u0131 engeller. Makineye y\u00fckledi\u011finiz \u00e7ama\u015f\u0131rlar\u0131n maksimum kapasiteyi a\u015fmad\u0131\u011f\u0131ndan emin olun ve gerekiyorsa \u00e7ama\u015f\u0131r miktar\u0131n\u0131 azalt\u0131n.<\/li>\n<li><strong>Yetkili Servise Ba\u015fvurun:<\/strong> Yukar\u0131daki ad\u0131mlar\u0131 uygulaman\u0131za ra\u011fmen sorun devam ediyorsa. Bosch yetkili bir servis teknisyenine dan\u0131\u015f\u0131n. Uzmanlar, sorunun nedenini belirler ve gerekli tamirat\u0131 ger\u00e7ekle\u015ftirirler.<\/li>\n<\/ol>\n<p>Bosch \u00e7ama\u015f\u0131r makinesinin \u00e7al\u0131\u015fmama sorunuyla kar\u015f\u0131la\u015ft\u0131\u011f\u0131n\u0131zda, yukar\u0131daki \u00e7\u00f6z\u00fcm \u00f6nerilerini uygulayarak sorunu \u00e7\u00f6zmeye \u00e7al\u0131\u015f\u0131n. Ancak, sorunun devam etmesi durumunda, profesyonel bir teknisyenin yard\u0131m\u0131n\u0131 alman\u0131z \u00f6nemlidir.<\/p>\n<p>&nbsp;<\/p>\n","protected":false},"excerpt":{"rendered":"<p>Bosch \u00c7ama\u015f\u0131r Makinesi \u00c7al\u0131\u015fm\u0131yor Sorunu ve \u00c7\u00f6z\u00fcm \u00d6nerileri Bosch \u00e7ama\u015f\u0131r makinesinin \u00e7al\u0131\u015fmama sorunu, kullan\u0131c\u0131lar i\u00e7in b\u00fcy\u00fck bir sorun olabilir ve evdeki g\u00fcnl\u00fck ya\u015fam\u0131 ciddi \u015fekilde [&hellip;]<\/p>\n","protected":false},"author":1,"featured_media":0,"comment_status":"open","ping_status":"open","sticky":false,"template":"","format":"standard","meta":{"footnotes":""},"categories":[52],"tags":[59,60,88,89,90],"class_list":["post-279","post","type-post","status-publish","format-standard","hentry","category-tekirdag-bosch-camasir-makinesi-servisi","tag-bosch-camasir-makinesi-ariza","tag-bosch-camasir-makinesi-arizalari","tag-bosch-camasir-makinesi-calismiyor","tag-bosch-camasir-makinesi-calismiyor-sorunu","tag-bosch-camasir-makinesi-calismiyor-sorunu-ve-cozum-yollari"],"yoast_head":"<!-- This site is optimized with the Yoast SEO plugin v27.5 - https:\/\/yoast.com\/product\/yoast-seo-wordpress\/ -->\n<title>Bosch \u00c7ama\u015f\u0131r Makinesi \u00c7al\u0131\u015fm\u0131yor - Tekirda\u011f Bosch Servisi<\/title>\n<meta name=\"description\" content=\"Bosch \u00c7ama\u015f\u0131r Makinesi \u00c7al\u0131\u015fm\u0131yor Sorunu ve \u00c7\u00f6z\u00fcm \u00d6nerileri Yaz\u0131m\u0131zdad\u0131r. Tekirda\u011f Bosch Beyaz E\u015fya Servisi 0282 263 22 96.\" \/>\n<meta name=\"robots\" content=\"index, follow, max-snippet:-1, max-image-preview:large, max-video-preview:-1\" \/>\n<link rel=\"canonical\" href=\"https:\/\/tekirdagboschservisi.com.tr\/index.php\/2024\/03\/26\/bosch-camasir-makinesi-calismiyor\/\" \/>\n<meta property=\"og:locale\" content=\"tr_TR\" \/>\n<meta property=\"og:type\" content=\"article\" \/>\n<meta property=\"og:title\" content=\"Bosch \u00c7ama\u015f\u0131r Makinesi \u00c7al\u0131\u015fm\u0131yor - Tekirda\u011f Bosch Servisi\" \/>\n<meta property=\"og:description\" content=\"Bosch \u00c7ama\u015f\u0131r Makinesi \u00c7al\u0131\u015fm\u0131yor Sorunu ve \u00c7\u00f6z\u00fcm \u00d6nerileri Yaz\u0131m\u0131zdad\u0131r. Tekirda\u011f Bosch Beyaz E\u015fya Servisi 0282 263 22 96.\" \/>\n<meta property=\"og:url\" content=\"https:\/\/tekirdagboschservisi.com.tr\/index.php\/2024\/03\/26\/bosch-camasir-makinesi-calismiyor\/\" \/>\n<meta property=\"og:site_name\" content=\"Tekirda\u011f Bosch Servisi\" \/>\n<meta property=\"article:published_time\" content=\"2024-03-26T14:10:41+00:00\" \/>\n<meta property=\"og:image\" content=\"https:\/\/tekirdagboschservisi.com.tr\/wp-content\/uploads\/2024\/03\/tekirdag-bosch-banner.jpg\" \/>\n<meta name=\"author\" content=\"admin\" \/>\n<meta name=\"twitter:card\" content=\"summary_large_image\" \/>\n<meta name=\"twitter:label1\" content=\"Yazan:\" \/>\n\t<meta name=\"twitter:data1\" content=\"admin\" \/>\n\t<meta name=\"twitter:label2\" content=\"Tahmini okuma s\u00fcresi\" \/>\n\t<meta name=\"twitter:data2\" content=\"2 dakika\" \/>\n<script type=\"application\/ld+json\" class=\"yoast-schema-graph\">{\"@context\":\"https:\\\/\\\/schema.org\",\"@graph\":[{\"@type\":\"Article\",\"@id\":\"https:\\\/\\\/tekirdagboschservisi.com.tr\\\/index.php\\\/2024\\\/03\\\/26\\\/bosch-camasir-makinesi-calismiyor\\\/#article\",\"isPartOf\":{\"@id\":\"https:\\\/\\\/tekirdagboschservisi.com.tr\\\/index.php\\\/2024\\\/03\\\/26\\\/bosch-camasir-makinesi-calismiyor\\\/\"},\"author\":{\"name\":\"admin\",\"@id\":\"https:\\\/\\\/tekirdagboschservisi.com.tr\\\/#\\\/schema\\\/person\\\/edc9799f1a76b681707496086fab3ebe\"},\"headline\":\"Bosch \u00c7ama\u015f\u0131r Makinesi \u00c7al\u0131\u015fm\u0131yor\",\"datePublished\":\"2024-03-26T14:10:41+00:00\",\"mainEntityOfPage\":{\"@id\":\"https:\\\/\\\/tekirdagboschservisi.com.tr\\\/index.php\\\/2024\\\/03\\\/26\\\/bosch-camasir-makinesi-calismiyor\\\/\"},\"wordCount\":434,\"commentCount\":0,\"publisher\":{\"@id\":\"https:\\\/\\\/tekirdagboschservisi.com.tr\\\/#organization\"},\"image\":{\"@id\":\"https:\\\/\\\/tekirdagboschservisi.com.tr\\\/index.php\\\/2024\\\/03\\\/26\\\/bosch-camasir-makinesi-calismiyor\\\/#primaryimage\"},\"thumbnailUrl\":\"https:\\\/\\\/tekirdagboschservisi.com.tr\\\/wp-content\\\/uploads\\\/2024\\\/03\\\/tekirdag-bosch-banner.jpg\",\"keywords\":[\"Bosch \u00c7ama\u015f\u0131r Makinesi Ar\u0131za\",\"Bosch \u00c7ama\u015f\u0131r Makinesi Ar\u0131zalar\u0131\",\"Bosch \u00c7ama\u015f\u0131r Makinesi \u00c7al\u0131\u015fm\u0131yor\",\"Bosch \u00c7ama\u015f\u0131r Makinesi \u00c7al\u0131\u015fm\u0131yor Sorunu\",\"Bosch \u00c7ama\u015f\u0131r Makinesi \u00c7al\u0131\u015fm\u0131yor Sorunu ve \u00c7\u00f6z\u00fcm Yollar\u0131\"],\"articleSection\":[\"Tekirda\u011f Bosch \u00c7ama\u015f\u0131r Makinesi Servisi\"],\"inLanguage\":\"tr\",\"potentialAction\":[{\"@type\":\"CommentAction\",\"name\":\"Comment\",\"target\":[\"https:\\\/\\\/tekirdagboschservisi.com.tr\\\/index.php\\\/2024\\\/03\\\/26\\\/bosch-camasir-makinesi-calismiyor\\\/#respond\"]}]},{\"@type\":\"WebPage\",\"@id\":\"https:\\\/\\\/tekirdagboschservisi.com.tr\\\/index.php\\\/2024\\\/03\\\/26\\\/bosch-camasir-makinesi-calismiyor\\\/\",\"url\":\"https:\\\/\\\/tekirdagboschservisi.com.tr\\\/index.php\\\/2024\\\/03\\\/26\\\/bosch-camasir-makinesi-calismiyor\\\/\",\"name\":\"Bosch \u00c7ama\u015f\u0131r Makinesi \u00c7al\u0131\u015fm\u0131yor - Tekirda\u011f Bosch Servisi\",\"isPartOf\":{\"@id\":\"https:\\\/\\\/tekirdagboschservisi.com.tr\\\/#website\"},\"primaryImageOfPage\":{\"@id\":\"https:\\\/\\\/tekirdagboschservisi.com.tr\\\/index.php\\\/2024\\\/03\\\/26\\\/bosch-camasir-makinesi-calismiyor\\\/#primaryimage\"},\"image\":{\"@id\":\"https:\\\/\\\/tekirdagboschservisi.com.tr\\\/index.php\\\/2024\\\/03\\\/26\\\/bosch-camasir-makinesi-calismiyor\\\/#primaryimage\"},\"thumbnailUrl\":\"https:\\\/\\\/tekirdagboschservisi.com.tr\\\/wp-content\\\/uploads\\\/2024\\\/03\\\/tekirdag-bosch-banner.jpg\",\"datePublished\":\"2024-03-26T14:10:41+00:00\",\"description\":\"Bosch \u00c7ama\u015f\u0131r Makinesi \u00c7al\u0131\u015fm\u0131yor Sorunu ve \u00c7\u00f6z\u00fcm \u00d6nerileri Yaz\u0131m\u0131zdad\u0131r. Tekirda\u011f Bosch Beyaz E\u015fya Servisi 0282 263 22 96.\",\"breadcrumb\":{\"@id\":\"https:\\\/\\\/tekirdagboschservisi.com.tr\\\/index.php\\\/2024\\\/03\\\/26\\\/bosch-camasir-makinesi-calismiyor\\\/#breadcrumb\"},\"inLanguage\":\"tr\",\"potentialAction\":[{\"@type\":\"ReadAction\",\"target\":[\"https:\\\/\\\/tekirdagboschservisi.com.tr\\\/index.php\\\/2024\\\/03\\\/26\\\/bosch-camasir-makinesi-calismiyor\\\/\"]}]},{\"@type\":\"ImageObject\",\"inLanguage\":\"tr\",\"@id\":\"https:\\\/\\\/tekirdagboschservisi.com.tr\\\/index.php\\\/2024\\\/03\\\/26\\\/bosch-camasir-makinesi-calismiyor\\\/#primaryimage\",\"url\":\"https:\\\/\\\/tekirdagboschservisi.com.tr\\\/wp-content\\\/uploads\\\/2024\\\/03\\\/tekirdag-bosch-banner.jpg\",\"contentUrl\":\"https:\\\/\\\/tekirdagboschservisi.com.tr\\\/wp-content\\\/uploads\\\/2024\\\/03\\\/tekirdag-bosch-banner.jpg\",\"width\":600,\"height\":325},{\"@type\":\"BreadcrumbList\",\"@id\":\"https:\\\/\\\/tekirdagboschservisi.com.tr\\\/index.php\\\/2024\\\/03\\\/26\\\/bosch-camasir-makinesi-calismiyor\\\/#breadcrumb\",\"itemListElement\":[{\"@type\":\"ListItem\",\"position\":1,\"name\":\"Anasayfa\",\"item\":\"https:\\\/\\\/tekirdagboschservisi.com.tr\\\/\"},{\"@type\":\"ListItem\",\"position\":2,\"name\":\"Bosch \u00c7ama\u015f\u0131r Makinesi \u00c7al\u0131\u015fm\u0131yor\"}]},{\"@type\":\"WebSite\",\"@id\":\"https:\\\/\\\/tekirdagboschservisi.com.tr\\\/#website\",\"url\":\"https:\\\/\\\/tekirdagboschservisi.com.tr\\\/\",\"name\":\"Tekirda\u011f Bosch Servisi\",\"description\":\"0282 263 22 96\",\"publisher\":{\"@id\":\"https:\\\/\\\/tekirdagboschservisi.com.tr\\\/#organization\"},\"potentialAction\":[{\"@type\":\"SearchAction\",\"target\":{\"@type\":\"EntryPoint\",\"urlTemplate\":\"https:\\\/\\\/tekirdagboschservisi.com.tr\\\/?s={search_term_string}\"},\"query-input\":{\"@type\":\"PropertyValueSpecification\",\"valueRequired\":true,\"valueName\":\"search_term_string\"}}],\"inLanguage\":\"tr\"},{\"@type\":\"Organization\",\"@id\":\"https:\\\/\\\/tekirdagboschservisi.com.tr\\\/#organization\",\"name\":\"Tekirda\u011f Bosch Servisi\",\"url\":\"https:\\\/\\\/tekirdagboschservisi.com.tr\\\/\",\"logo\":{\"@type\":\"ImageObject\",\"inLanguage\":\"tr\",\"@id\":\"https:\\\/\\\/tekirdagboschservisi.com.tr\\\/#\\\/schema\\\/logo\\\/image\\\/\",\"url\":\"https:\\\/\\\/tekirdagboschservisi.com.tr\\\/wp-content\\\/uploads\\\/2024\\\/03\\\/7502c4fab3c11f90ed12b06b5e7b138d-1.jpg\",\"contentUrl\":\"https:\\\/\\\/tekirdagboschservisi.com.tr\\\/wp-content\\\/uploads\\\/2024\\\/03\\\/7502c4fab3c11f90ed12b06b5e7b138d-1.jpg\",\"width\":250,\"height\":92,\"caption\":\"Tekirda\u011f Bosch Servisi\"},\"image\":{\"@id\":\"https:\\\/\\\/tekirdagboschservisi.com.tr\\\/#\\\/schema\\\/logo\\\/image\\\/\"}},{\"@type\":\"Person\",\"@id\":\"https:\\\/\\\/tekirdagboschservisi.com.tr\\\/#\\\/schema\\\/person\\\/edc9799f1a76b681707496086fab3ebe\",\"name\":\"admin\",\"image\":{\"@type\":\"ImageObject\",\"inLanguage\":\"tr\",\"@id\":\"https:\\\/\\\/secure.gravatar.com\\\/avatar\\\/db70c2b6f6e9a750c63863236e8b79698035aa5b561aef5deda998a2b8dbe5b4?s=96&d=mm&r=g\",\"url\":\"https:\\\/\\\/secure.gravatar.com\\\/avatar\\\/db70c2b6f6e9a750c63863236e8b79698035aa5b561aef5deda998a2b8dbe5b4?s=96&d=mm&r=g\",\"contentUrl\":\"https:\\\/\\\/secure.gravatar.com\\\/avatar\\\/db70c2b6f6e9a750c63863236e8b79698035aa5b561aef5deda998a2b8dbe5b4?s=96&d=mm&r=g\",\"caption\":\"admin\"},\"sameAs\":[\"https:\\\/\\\/tekirdagboschservisi.com.tr\"],\"url\":\"https:\\\/\\\/tekirdagboschservisi.com.tr\\\/index.php\\\/author\\\/bosch-tekirdag\\\/\"}]}<\/script>\n<!-- \/ Yoast SEO plugin. -->","yoast_head_json":{"title":"Bosch \u00c7ama\u015f\u0131r Makinesi \u00c7al\u0131\u015fm\u0131yor - Tekirda\u011f Bosch Servisi","description":"Bosch \u00c7ama\u015f\u0131r Makinesi \u00c7al\u0131\u015fm\u0131yor Sorunu ve \u00c7\u00f6z\u00fcm \u00d6nerileri Yaz\u0131m\u0131zdad\u0131r. Tekirda\u011f Bosch Beyaz E\u015fya Servisi 0282 263 22 96.","robots":{"index":"index","follow":"follow","max-snippet":"max-snippet:-1","max-image-preview":"max-image-preview:large","max-video-preview":"max-video-preview:-1"},"canonical":"https:\/\/tekirdagboschservisi.com.tr\/index.php\/2024\/03\/26\/bosch-camasir-makinesi-calismiyor\/","og_locale":"tr_TR","og_type":"article","og_title":"Bosch \u00c7ama\u015f\u0131r Makinesi \u00c7al\u0131\u015fm\u0131yor - Tekirda\u011f Bosch Servisi","og_description":"Bosch \u00c7ama\u015f\u0131r Makinesi \u00c7al\u0131\u015fm\u0131yor Sorunu ve \u00c7\u00f6z\u00fcm \u00d6nerileri Yaz\u0131m\u0131zdad\u0131r. Tekirda\u011f Bosch Beyaz E\u015fya Servisi 0282 263 22 96.","og_url":"https:\/\/tekirdagboschservisi.com.tr\/index.php\/2024\/03\/26\/bosch-camasir-makinesi-calismiyor\/","og_site_name":"Tekirda\u011f Bosch Servisi","article_published_time":"2024-03-26T14:10:41+00:00","og_image":[{"url":"https:\/\/tekirdagboschservisi.com.tr\/wp-content\/uploads\/2024\/03\/tekirdag-bosch-banner.jpg","type":"","width":"","height":""}],"author":"admin","twitter_card":"summary_large_image","twitter_misc":{"Yazan:":"admin","Tahmini okuma s\u00fcresi":"2 dakika"},"schema":{"@context":"https:\/\/schema.org","@graph":[{"@type":"Article","@id":"https:\/\/tekirdagboschservisi.com.tr\/index.php\/2024\/03\/26\/bosch-camasir-makinesi-calismiyor\/#article","isPartOf":{"@id":"https:\/\/tekirdagboschservisi.com.tr\/index.php\/2024\/03\/26\/bosch-camasir-makinesi-calismiyor\/"},"author":{"name":"admin","@id":"https:\/\/tekirdagboschservisi.com.tr\/#\/schema\/person\/edc9799f1a76b681707496086fab3ebe"},"headline":"Bosch \u00c7ama\u015f\u0131r Makinesi \u00c7al\u0131\u015fm\u0131yor","datePublished":"2024-03-26T14:10:41+00:00","mainEntityOfPage":{"@id":"https:\/\/tekirdagboschservisi.com.tr\/index.php\/2024\/03\/26\/bosch-camasir-makinesi-calismiyor\/"},"wordCount":434,"commentCount":0,"publisher":{"@id":"https:\/\/tekirdagboschservisi.com.tr\/#organization"},"image":{"@id":"https:\/\/tekirdagboschservisi.com.tr\/index.php\/2024\/03\/26\/bosch-camasir-makinesi-calismiyor\/#primaryimage"},"thumbnailUrl":"https:\/\/tekirdagboschservisi.com.tr\/wp-content\/uploads\/2024\/03\/tekirdag-bosch-banner.jpg","keywords":["Bosch \u00c7ama\u015f\u0131r Makinesi Ar\u0131za","Bosch \u00c7ama\u015f\u0131r Makinesi Ar\u0131zalar\u0131","Bosch \u00c7ama\u015f\u0131r Makinesi \u00c7al\u0131\u015fm\u0131yor","Bosch \u00c7ama\u015f\u0131r Makinesi \u00c7al\u0131\u015fm\u0131yor Sorunu","Bosch \u00c7ama\u015f\u0131r Makinesi \u00c7al\u0131\u015fm\u0131yor Sorunu ve \u00c7\u00f6z\u00fcm Yollar\u0131"],"articleSection":["Tekirda\u011f Bosch \u00c7ama\u015f\u0131r Makinesi Servisi"],"inLanguage":"tr","potentialAction":[{"@type":"CommentAction","name":"Comment","target":["https:\/\/tekirdagboschservisi.com.tr\/index.php\/2024\/03\/26\/bosch-camasir-makinesi-calismiyor\/#respond"]}]},{"@type":"WebPage","@id":"https:\/\/tekirdagboschservisi.com.tr\/index.php\/2024\/03\/26\/bosch-camasir-makinesi-calismiyor\/","url":"https:\/\/tekirdagboschservisi.com.tr\/index.php\/2024\/03\/26\/bosch-camasir-makinesi-calismiyor\/","name":"Bosch \u00c7ama\u015f\u0131r Makinesi \u00c7al\u0131\u015fm\u0131yor - Tekirda\u011f Bosch Servisi","isPartOf":{"@id":"https:\/\/tekirdagboschservisi.com.tr\/#website"},"primaryImageOfPage":{"@id":"https:\/\/tekirdagboschservisi.com.tr\/index.php\/2024\/03\/26\/bosch-camasir-makinesi-calismiyor\/#primaryimage"},"image":{"@id":"https:\/\/tekirdagboschservisi.com.tr\/index.php\/2024\/03\/26\/bosch-camasir-makinesi-calismiyor\/#primaryimage"},"thumbnailUrl":"https:\/\/tekirdagboschservisi.com.tr\/wp-content\/uploads\/2024\/03\/tekirdag-bosch-banner.jpg","datePublished":"2024-03-26T14:10:41+00:00","description":"Bosch \u00c7ama\u015f\u0131r Makinesi \u00c7al\u0131\u015fm\u0131yor Sorunu ve \u00c7\u00f6z\u00fcm \u00d6nerileri Yaz\u0131m\u0131zdad\u0131r. Tekirda\u011f Bosch Beyaz E\u015fya Servisi 0282 263 22 96.","breadcrumb":{"@id":"https:\/\/tekirdagboschservisi.com.tr\/index.php\/2024\/03\/26\/bosch-camasir-makinesi-calismiyor\/#breadcrumb"},"inLanguage":"tr","potentialAction":[{"@type":"ReadAction","target":["https:\/\/tekirdagboschservisi.com.tr\/index.php\/2024\/03\/26\/bosch-camasir-makinesi-calismiyor\/"]}]},{"@type":"ImageObject","inLanguage":"tr","@id":"https:\/\/tekirdagboschservisi.com.tr\/index.php\/2024\/03\/26\/bosch-camasir-makinesi-calismiyor\/#primaryimage","url":"https:\/\/tekirdagboschservisi.com.tr\/wp-content\/uploads\/2024\/03\/tekirdag-bosch-banner.jpg","contentUrl":"https:\/\/tekirdagboschservisi.com.tr\/wp-content\/uploads\/2024\/03\/tekirdag-bosch-banner.jpg","width":600,"height":325},{"@type":"BreadcrumbList","@id":"https:\/\/tekirdagboschservisi.com.tr\/index.php\/2024\/03\/26\/bosch-camasir-makinesi-calismiyor\/#breadcrumb","itemListElement":[{"@type":"ListItem","position":1,"name":"Anasayfa","item":"https:\/\/tekirdagboschservisi.com.tr\/"},{"@type":"ListItem","position":2,"name":"Bosch \u00c7ama\u015f\u0131r Makinesi \u00c7al\u0131\u015fm\u0131yor"}]},{"@type":"WebSite","@id":"https:\/\/tekirdagboschservisi.com.tr\/#website","url":"https:\/\/tekirdagboschservisi.com.tr\/","name":"Tekirda\u011f Bosch Servisi","description":"0282 263 22 96","publisher":{"@id":"https:\/\/tekirdagboschservisi.com.tr\/#organization"},"potentialAction":[{"@type":"SearchAction","target":{"@type":"EntryPoint","urlTemplate":"https:\/\/tekirdagboschservisi.com.tr\/?s={search_term_string}"},"query-input":{"@type":"PropertyValueSpecification","valueRequired":true,"valueName":"search_term_string"}}],"inLanguage":"tr"},{"@type":"Organization","@id":"https:\/\/tekirdagboschservisi.com.tr\/#organization","name":"Tekirda\u011f Bosch Servisi","url":"https:\/\/tekirdagboschservisi.com.tr\/","logo":{"@type":"ImageObject","inLanguage":"tr","@id":"https:\/\/tekirdagboschservisi.com.tr\/#\/schema\/logo\/image\/","url":"https:\/\/tekirdagboschservisi.com.tr\/wp-content\/uploads\/2024\/03\/7502c4fab3c11f90ed12b06b5e7b138d-1.jpg","contentUrl":"https:\/\/tekirdagboschservisi.com.tr\/wp-content\/uploads\/2024\/03\/7502c4fab3c11f90ed12b06b5e7b138d-1.jpg","width":250,"height":92,"caption":"Tekirda\u011f Bosch Servisi"},"image":{"@id":"https:\/\/tekirdagboschservisi.com.tr\/#\/schema\/logo\/image\/"}},{"@type":"Person","@id":"https:\/\/tekirdagboschservisi.com.tr\/#\/schema\/person\/edc9799f1a76b681707496086fab3ebe","name":"admin","image":{"@type":"ImageObject","inLanguage":"tr","@id":"https:\/\/secure.gravatar.com\/avatar\/db70c2b6f6e9a750c63863236e8b79698035aa5b561aef5deda998a2b8dbe5b4?s=96&d=mm&r=g","url":"https:\/\/secure.gravatar.com\/avatar\/db70c2b6f6e9a750c63863236e8b79698035aa5b561aef5deda998a2b8dbe5b4?s=96&d=mm&r=g","contentUrl":"https:\/\/secure.gravatar.com\/avatar\/db70c2b6f6e9a750c63863236e8b79698035aa5b561aef5deda998a2b8dbe5b4?s=96&d=mm&r=g","caption":"admin"},"sameAs":["https:\/\/tekirdagboschservisi.com.tr"],"url":"https:\/\/tekirdagboschservisi.com.tr\/index.php\/author\/bosch-tekirdag\/"}]}},"_links":{"self":[{"href":"https:\/\/tekirdagboschservisi.com.tr\/index.php\/wp-json\/wp\/v2\/posts\/279","targetHints":{"allow":["GET"]}}],"collection":[{"href":"https:\/\/tekirdagboschservisi.com.tr\/index.php\/wp-json\/wp\/v2\/posts"}],"about":[{"href":"https:\/\/tekirdagboschservisi.com.tr\/index.php\/wp-json\/wp\/v2\/types\/post"}],"author":[{"embeddable":true,"href":"https:\/\/tekirdagboschservisi.com.tr\/index.php\/wp-json\/wp\/v2\/users\/1"}],"replies":[{"embeddable":true,"href":"https:\/\/tekirdagboschservisi.com.tr\/index.php\/wp-json\/wp\/v2\/comments?post=279"}],"version-history":[{"count":1,"href":"https:\/\/tekirdagboschservisi.com.tr\/index.php\/wp-json\/wp\/v2\/posts\/279\/revisions"}],"predecessor-version":[{"id":280,"href":"https:\/\/tekirdagboschservisi.com.tr\/index.php\/wp-json\/wp\/v2\/posts\/279\/revisions\/280"}],"wp:attachment":[{"href":"https:\/\/tekirdagboschservisi.com.tr\/index.php\/wp-json\/wp\/v2\/media?parent=279"}],"wp:term":[{"taxonomy":"category","embeddable":true,"href":"https:\/\/tekirdagboschservisi.com.tr\/index.php\/wp-json\/wp\/v2\/categories?post=279"},{"taxonomy":"post_tag","embeddable":true,"href":"https:\/\/tekirdagboschservisi.com.tr\/index.php\/wp-json\/wp\/v2\/tags?post=279"}],"curies":[{"name":"wp","href":"https:\/\/api.w.org\/{rel}","templated":true}]}}