{"id":148,"date":"2024-03-25T11:30:49","date_gmt":"2024-03-25T11:30:49","guid":{"rendered":"https:\/\/tekirdagboschservisi.garanti-teknik.com\/?p=148"},"modified":"2024-03-26T10:53:49","modified_gmt":"2024-03-26T10:53:49","slug":"bosch-buzdolabi-kapisi-kapanmiyor","status":"publish","type":"post","link":"https:\/\/tekirdagboschservisi.com.tr\/index.php\/2024\/03\/25\/bosch-buzdolabi-kapisi-kapanmiyor\/","title":{"rendered":"Bosch Buzdolab\u0131 Kap\u0131s\u0131 Kapanm\u0131yor"},"content":{"rendered":"<p>&nbsp;<\/p>\n<p><img fetchpriority=\"high\" decoding=\"async\" class=\"wp-image-199 size-medium aligncenter\" src=\"https:\/\/tekirdagboschservisi.com.tr\/wp-content\/uploads\/2024\/03\/bosch-buzdolabi-servisi-300x188.jpg\" alt=\"Bosch Buzdolab\u0131 Kap\u0131s\u0131 Kapanm\u0131yor\" width=\"300\" height=\"188\" srcset=\"https:\/\/tekirdagboschservisi.com.tr\/wp-content\/uploads\/2024\/03\/bosch-buzdolabi-servisi-300x188.jpg 300w, https:\/\/tekirdagboschservisi.com.tr\/wp-content\/uploads\/2024\/03\/bosch-buzdolabi-servisi.jpg 327w\" sizes=\"(max-width: 300px) 100vw, 300px\" \/><\/p>\n<p><strong>Bosch Buzdolab\u0131 Kap\u0131s\u0131 Kapanm\u0131yor: Sorun ve \u00c7\u00f6z\u00fcm \u00d6nerileri<\/strong><\/p>\n<p><a href=\"https:\/\/tekirdagboschservisi.com.tr\/index.php\/2024\/03\/25\/bosch-buzdolabi-kapisi-kapanmiyor\/\">Bosch<\/a> Buzdolab\u0131 Kap\u0131s\u0131 Kapanm\u0131yor Sorunu ve \u00c7\u00f6z\u00fcm Yollar\u0131. Buzdolab\u0131n\u0131z\u0131n kap\u0131s\u0131 d\u00fczg\u00fcn kapanm\u0131yorsa, bu sorun hem enerji israf\u0131na yol a\u00e7ar hem de i\u00e7erideki yiyeceklerin bozulmas\u0131na neden olur. Bu sorunun nedenleri ve \u00e7\u00f6z\u00fcm \u00f6nerileri a\u015fa\u011f\u0131da a\u00e7\u0131klanm\u0131\u015ft\u0131r:<\/p>\n<p><strong>Sorunun Nedenleri:<\/strong><\/p>\n<ol>\n<li><strong>Kap\u0131 Contalar\u0131n\u0131n Hasar\u0131:<\/strong> Kap\u0131 <a href=\"https:\/\/garanti-teknik.com\/index.php\/bosch-beyaz-esya-servisi\/bosch-buzdolabi-servisi\/\">contalar\u0131<\/a>, buzdolab\u0131n\u0131n kap\u0131s\u0131n\u0131n s\u0131k\u0131ca kapanmas\u0131n\u0131 sa\u011flar. Hasarl\u0131 veya y\u0131pran\u0131k kap\u0131 contalar\u0131, kap\u0131n\u0131n tam olarak kapanmas\u0131n\u0131 engeller.<\/li>\n<li><strong>Kap\u0131 Mente\u015felerindeki Problemler:<\/strong> Kap\u0131 mente\u015felerindeki gev\u015feklik veya hasar, kap\u0131n\u0131n d\u00fczg\u00fcn \u015fekilde kapanmas\u0131n\u0131 engeller. Bu durumda kap\u0131, istenilen \u015fekilde oturmaz ve s\u0131k\u0131ca kapanmaz.<\/li>\n<li><strong>Dondurucu veya Buz \u00c7\u00f6zme Problemleri:<\/strong> E\u011fer dondurucu b\u00f6l\u00fcmde buzlanma veya donma varsa, bu da kap\u0131n\u0131n d\u00fczg\u00fcn \u015fekilde kapanmas\u0131n\u0131 engeller. Buzlanma veya donma, kap\u0131n\u0131n contalar\u0131na yap\u0131\u015f\u0131r ve kapanmas\u0131n\u0131 engeller.<\/li>\n<\/ol>\n<p><strong>\u00c7\u00f6z\u00fcm \u00d6nerileri:<\/strong><\/p>\n<ol>\n<li><strong>Kap\u0131 Contalar\u0131n\u0131 Kontrol Edin:<\/strong> Kap\u0131 contalar\u0131n\u0131 dikkatlice inceleyin ve herhangi bir hasar olup olmad\u0131\u011f\u0131n\u0131 kontrol edin. E\u011fer contalarda hasar varsa, contalar\u0131 de\u011fi\u015ftirin. Bu, kap\u0131n\u0131n s\u0131k\u0131ca kapanmas\u0131n\u0131 sa\u011flayacakt\u0131r.<\/li>\n<li><strong>Kap\u0131 Mente\u015felerini Ayarlay\u0131n:<\/strong> Kap\u0131 mente\u015felerini kontrol edin ve gerekti\u011finde s\u0131k\u0131n veya ayarlay\u0131n. Mente\u015felerdeki gev\u015feklik veya bozulma, kap\u0131n\u0131n d\u00fczg\u00fcn \u015fekilde kapanmas\u0131n\u0131 engeller.<\/li>\n<li><strong>Buzlanma veya Donma Problemlerini Giderin:<\/strong> Dondurucu b\u00f6l\u00fcm\u00fcnde biriken buzlanmay\u0131 temizleyin ve donmu\u015f alanlar\u0131 \u00e7\u00f6z\u00fcn. Buzlanma veya donma, kap\u0131n\u0131n contalar\u0131na yap\u0131\u015farak kapanmas\u0131n\u0131 engeller.<\/li>\n<li><strong>Kap\u0131y\u0131 D\u00fczg\u00fcn \u015eekilde Yerle\u015ftirin:<\/strong> Kap\u0131y\u0131 d\u00fczg\u00fcn \u015fekilde yerle\u015ftirin ve kap\u0131n\u0131n mente\u015feleriyle uyumlu oldu\u011fundan emin olun. Kap\u0131 do\u011fru \u015fekilde yerle\u015ftirilmez ise, s\u0131k\u0131ca kapanmaz.<\/li>\n<li><strong>Profesyonel Yard\u0131m Al\u0131n:<\/strong> Yukar\u0131daki ad\u0131mlar\u0131 uygulaman\u0131za ra\u011fmen sorun devam ediyorsa, Bosch yetkili bir servis teknisyeni ile ileti\u015fime ge\u00e7in. Uzmanlar, sorunun nedenini belirler ve gerekli tamirat\u0131 ger\u00e7ekle\u015ftirirler.<\/li>\n<\/ol>\n<p>Bosch buzdolab\u0131n\u0131z\u0131n kap\u0131s\u0131 d\u00fczg\u00fcn \u015fekilde kapanm\u0131yorsa, yukar\u0131daki \u00e7\u00f6z\u00fcm \u00f6nerilerini uygulayarak sorunu \u00e7\u00f6zmeye \u00e7al\u0131\u015f\u0131n. Ancak, sorunun devam etmesi durumunda, uzman bir teknisyene ba\u015fvurman\u0131z \u00f6nemlidir.<\/p>\n","protected":false},"excerpt":{"rendered":"<p>&nbsp; Bosch Buzdolab\u0131 Kap\u0131s\u0131 Kapanm\u0131yor: Sorun ve \u00c7\u00f6z\u00fcm \u00d6nerileri Bosch Buzdolab\u0131 Kap\u0131s\u0131 Kapanm\u0131yor Sorunu ve \u00c7\u00f6z\u00fcm Yollar\u0131. Buzdolab\u0131n\u0131z\u0131n kap\u0131s\u0131 d\u00fczg\u00fcn kapanm\u0131yorsa, bu sorun hem enerji [&hellip;]<\/p>\n","protected":false},"author":1,"featured_media":0,"comment_status":"open","ping_status":"open","sticky":false,"template":"","format":"standard","meta":{"footnotes":""},"categories":[2],"tags":[9,29,30,31],"class_list":["post-148","post","type-post","status-publish","format-standard","hentry","category-tekirdag-bosch-buzdolabi-servisi","tag-bosch-buzdolabi-arizalari","tag-bosch-buzdolabi-kapisi-kapanmiyor","tag-bosch-buzdolabi-kapisi-kapanmiyor-sorunu","tag-bosch-buzdolabi-kapisi-kapanmiyor-sorunu-ve-cozum-yollari"],"yoast_head":"<!-- This site is optimized with the Yoast SEO plugin v27.5 - https:\/\/yoast.com\/product\/yoast-seo-wordpress\/ -->\n<title>Bosch Buzdolab\u0131 Kap\u0131s\u0131 Kapanm\u0131yor - Tekirda\u011f Bosch Servisi<\/title>\n<meta name=\"description\" content=\"Bosch Buzdolab\u0131 Kap\u0131s\u0131 Kapanm\u0131yor Sorun ve \u00c7\u00f6z\u00fcm Yollar\u0131 Yaz\u0131m\u0131zdad\u0131r. Tekirda\u011f Bosch Beyaz E\u015fya Servisi 0282 263 22 96.\" \/>\n<meta name=\"robots\" content=\"index, follow, max-snippet:-1, max-image-preview:large, max-video-preview:-1\" \/>\n<link rel=\"canonical\" href=\"https:\/\/tekirdagboschservisi.com.tr\/index.php\/2024\/03\/25\/bosch-buzdolabi-kapisi-kapanmiyor\/\" \/>\n<meta property=\"og:locale\" content=\"tr_TR\" \/>\n<meta property=\"og:type\" content=\"article\" \/>\n<meta property=\"og:title\" content=\"Bosch Buzdolab\u0131 Kap\u0131s\u0131 Kapanm\u0131yor - Tekirda\u011f Bosch Servisi\" \/>\n<meta property=\"og:description\" content=\"Bosch Buzdolab\u0131 Kap\u0131s\u0131 Kapanm\u0131yor Sorun ve \u00c7\u00f6z\u00fcm Yollar\u0131 Yaz\u0131m\u0131zdad\u0131r. Tekirda\u011f Bosch Beyaz E\u015fya Servisi 0282 263 22 96.\" \/>\n<meta property=\"og:url\" content=\"https:\/\/tekirdagboschservisi.com.tr\/index.php\/2024\/03\/25\/bosch-buzdolabi-kapisi-kapanmiyor\/\" \/>\n<meta property=\"og:site_name\" content=\"Tekirda\u011f Bosch Servisi\" \/>\n<meta property=\"article:published_time\" content=\"2024-03-25T11:30:49+00:00\" \/>\n<meta property=\"article:modified_time\" content=\"2024-03-26T10:53:49+00:00\" \/>\n<meta property=\"og:image\" content=\"https:\/\/tekirdagboschservisi.com.tr\/wp-content\/uploads\/2024\/03\/bosch-buzdolabi-servisi-300x188.jpg\" \/>\n<meta name=\"author\" content=\"admin\" \/>\n<meta name=\"twitter:card\" content=\"summary_large_image\" \/>\n<meta name=\"twitter:label1\" content=\"Yazan:\" \/>\n\t<meta name=\"twitter:data1\" content=\"admin\" \/>\n\t<meta name=\"twitter:label2\" content=\"Tahmini okuma s\u00fcresi\" \/>\n\t<meta name=\"twitter:data2\" content=\"2 dakika\" \/>\n<script type=\"application\/ld+json\" class=\"yoast-schema-graph\">{\"@context\":\"https:\\\/\\\/schema.org\",\"@graph\":[{\"@type\":\"Article\",\"@id\":\"https:\\\/\\\/tekirdagboschservisi.com.tr\\\/index.php\\\/2024\\\/03\\\/25\\\/bosch-buzdolabi-kapisi-kapanmiyor\\\/#article\",\"isPartOf\":{\"@id\":\"https:\\\/\\\/tekirdagboschservisi.com.tr\\\/index.php\\\/2024\\\/03\\\/25\\\/bosch-buzdolabi-kapisi-kapanmiyor\\\/\"},\"author\":{\"name\":\"admin\",\"@id\":\"https:\\\/\\\/tekirdagboschservisi.com.tr\\\/#\\\/schema\\\/person\\\/edc9799f1a76b681707496086fab3ebe\"},\"headline\":\"Bosch Buzdolab\u0131 Kap\u0131s\u0131 Kapanm\u0131yor\",\"datePublished\":\"2024-03-25T11:30:49+00:00\",\"dateModified\":\"2024-03-26T10:53:49+00:00\",\"mainEntityOfPage\":{\"@id\":\"https:\\\/\\\/tekirdagboschservisi.com.tr\\\/index.php\\\/2024\\\/03\\\/25\\\/bosch-buzdolabi-kapisi-kapanmiyor\\\/\"},\"wordCount\":401,\"commentCount\":0,\"publisher\":{\"@id\":\"https:\\\/\\\/tekirdagboschservisi.com.tr\\\/#organization\"},\"image\":{\"@id\":\"https:\\\/\\\/tekirdagboschservisi.com.tr\\\/index.php\\\/2024\\\/03\\\/25\\\/bosch-buzdolabi-kapisi-kapanmiyor\\\/#primaryimage\"},\"thumbnailUrl\":\"https:\\\/\\\/tekirdagboschservisi.com.tr\\\/wp-content\\\/uploads\\\/2024\\\/03\\\/bosch-buzdolabi-servisi-300x188.jpg\",\"keywords\":[\"Bosch Buzdolab\u0131 Ar\u0131zalar\u0131\",\"Bosch Buzdolab\u0131 Kap\u0131s\u0131 Kapanm\u0131yor\",\"Bosch Buzdolab\u0131 Kap\u0131s\u0131 Kapanm\u0131yor Sorunu\",\"Bosch Buzdolab\u0131 Kap\u0131s\u0131 Kapanm\u0131yor Sorunu ve \u00c7\u00f6z\u00fcm Yollar\u0131\"],\"articleSection\":[\"Tekirda\u011f Bosch Buzdolab\u0131 Servisi\"],\"inLanguage\":\"tr\",\"potentialAction\":[{\"@type\":\"CommentAction\",\"name\":\"Comment\",\"target\":[\"https:\\\/\\\/tekirdagboschservisi.com.tr\\\/index.php\\\/2024\\\/03\\\/25\\\/bosch-buzdolabi-kapisi-kapanmiyor\\\/#respond\"]}]},{\"@type\":\"WebPage\",\"@id\":\"https:\\\/\\\/tekirdagboschservisi.com.tr\\\/index.php\\\/2024\\\/03\\\/25\\\/bosch-buzdolabi-kapisi-kapanmiyor\\\/\",\"url\":\"https:\\\/\\\/tekirdagboschservisi.com.tr\\\/index.php\\\/2024\\\/03\\\/25\\\/bosch-buzdolabi-kapisi-kapanmiyor\\\/\",\"name\":\"Bosch Buzdolab\u0131 Kap\u0131s\u0131 Kapanm\u0131yor - Tekirda\u011f Bosch Servisi\",\"isPartOf\":{\"@id\":\"https:\\\/\\\/tekirdagboschservisi.com.tr\\\/#website\"},\"primaryImageOfPage\":{\"@id\":\"https:\\\/\\\/tekirdagboschservisi.com.tr\\\/index.php\\\/2024\\\/03\\\/25\\\/bosch-buzdolabi-kapisi-kapanmiyor\\\/#primaryimage\"},\"image\":{\"@id\":\"https:\\\/\\\/tekirdagboschservisi.com.tr\\\/index.php\\\/2024\\\/03\\\/25\\\/bosch-buzdolabi-kapisi-kapanmiyor\\\/#primaryimage\"},\"thumbnailUrl\":\"https:\\\/\\\/tekirdagboschservisi.com.tr\\\/wp-content\\\/uploads\\\/2024\\\/03\\\/bosch-buzdolabi-servisi-300x188.jpg\",\"datePublished\":\"2024-03-25T11:30:49+00:00\",\"dateModified\":\"2024-03-26T10:53:49+00:00\",\"description\":\"Bosch Buzdolab\u0131 Kap\u0131s\u0131 Kapanm\u0131yor Sorun ve \u00c7\u00f6z\u00fcm Yollar\u0131 Yaz\u0131m\u0131zdad\u0131r. Tekirda\u011f Bosch Beyaz E\u015fya Servisi 0282 263 22 96.\",\"breadcrumb\":{\"@id\":\"https:\\\/\\\/tekirdagboschservisi.com.tr\\\/index.php\\\/2024\\\/03\\\/25\\\/bosch-buzdolabi-kapisi-kapanmiyor\\\/#breadcrumb\"},\"inLanguage\":\"tr\",\"potentialAction\":[{\"@type\":\"ReadAction\",\"target\":[\"https:\\\/\\\/tekirdagboschservisi.com.tr\\\/index.php\\\/2024\\\/03\\\/25\\\/bosch-buzdolabi-kapisi-kapanmiyor\\\/\"]}]},{\"@type\":\"ImageObject\",\"inLanguage\":\"tr\",\"@id\":\"https:\\\/\\\/tekirdagboschservisi.com.tr\\\/index.php\\\/2024\\\/03\\\/25\\\/bosch-buzdolabi-kapisi-kapanmiyor\\\/#primaryimage\",\"url\":\"https:\\\/\\\/tekirdagboschservisi.com.tr\\\/wp-content\\\/uploads\\\/2024\\\/03\\\/bosch-buzdolabi-servisi.jpg\",\"contentUrl\":\"https:\\\/\\\/tekirdagboschservisi.com.tr\\\/wp-content\\\/uploads\\\/2024\\\/03\\\/bosch-buzdolabi-servisi.jpg\",\"width\":327,\"height\":205},{\"@type\":\"BreadcrumbList\",\"@id\":\"https:\\\/\\\/tekirdagboschservisi.com.tr\\\/index.php\\\/2024\\\/03\\\/25\\\/bosch-buzdolabi-kapisi-kapanmiyor\\\/#breadcrumb\",\"itemListElement\":[{\"@type\":\"ListItem\",\"position\":1,\"name\":\"Anasayfa\",\"item\":\"https:\\\/\\\/tekirdagboschservisi.com.tr\\\/\"},{\"@type\":\"ListItem\",\"position\":2,\"name\":\"Bosch Buzdolab\u0131 Kap\u0131s\u0131 Kapanm\u0131yor\"}]},{\"@type\":\"WebSite\",\"@id\":\"https:\\\/\\\/tekirdagboschservisi.com.tr\\\/#website\",\"url\":\"https:\\\/\\\/tekirdagboschservisi.com.tr\\\/\",\"name\":\"Tekirda\u011f Bosch Servisi\",\"description\":\"0282 263 22 96\",\"publisher\":{\"@id\":\"https:\\\/\\\/tekirdagboschservisi.com.tr\\\/#organization\"},\"potentialAction\":[{\"@type\":\"SearchAction\",\"target\":{\"@type\":\"EntryPoint\",\"urlTemplate\":\"https:\\\/\\\/tekirdagboschservisi.com.tr\\\/?s={search_term_string}\"},\"query-input\":{\"@type\":\"PropertyValueSpecification\",\"valueRequired\":true,\"valueName\":\"search_term_string\"}}],\"inLanguage\":\"tr\"},{\"@type\":\"Organization\",\"@id\":\"https:\\\/\\\/tekirdagboschservisi.com.tr\\\/#organization\",\"name\":\"Tekirda\u011f Bosch Servisi\",\"url\":\"https:\\\/\\\/tekirdagboschservisi.com.tr\\\/\",\"logo\":{\"@type\":\"ImageObject\",\"inLanguage\":\"tr\",\"@id\":\"https:\\\/\\\/tekirdagboschservisi.com.tr\\\/#\\\/schema\\\/logo\\\/image\\\/\",\"url\":\"https:\\\/\\\/tekirdagboschservisi.com.tr\\\/wp-content\\\/uploads\\\/2024\\\/03\\\/7502c4fab3c11f90ed12b06b5e7b138d-1.jpg\",\"contentUrl\":\"https:\\\/\\\/tekirdagboschservisi.com.tr\\\/wp-content\\\/uploads\\\/2024\\\/03\\\/7502c4fab3c11f90ed12b06b5e7b138d-1.jpg\",\"width\":250,\"height\":92,\"caption\":\"Tekirda\u011f Bosch Servisi\"},\"image\":{\"@id\":\"https:\\\/\\\/tekirdagboschservisi.com.tr\\\/#\\\/schema\\\/logo\\\/image\\\/\"}},{\"@type\":\"Person\",\"@id\":\"https:\\\/\\\/tekirdagboschservisi.com.tr\\\/#\\\/schema\\\/person\\\/edc9799f1a76b681707496086fab3ebe\",\"name\":\"admin\",\"image\":{\"@type\":\"ImageObject\",\"inLanguage\":\"tr\",\"@id\":\"https:\\\/\\\/secure.gravatar.com\\\/avatar\\\/db70c2b6f6e9a750c63863236e8b79698035aa5b561aef5deda998a2b8dbe5b4?s=96&d=mm&r=g\",\"url\":\"https:\\\/\\\/secure.gravatar.com\\\/avatar\\\/db70c2b6f6e9a750c63863236e8b79698035aa5b561aef5deda998a2b8dbe5b4?s=96&d=mm&r=g\",\"contentUrl\":\"https:\\\/\\\/secure.gravatar.com\\\/avatar\\\/db70c2b6f6e9a750c63863236e8b79698035aa5b561aef5deda998a2b8dbe5b4?s=96&d=mm&r=g\",\"caption\":\"admin\"},\"sameAs\":[\"https:\\\/\\\/tekirdagboschservisi.com.tr\"],\"url\":\"https:\\\/\\\/tekirdagboschservisi.com.tr\\\/index.php\\\/author\\\/bosch-tekirdag\\\/\"}]}<\/script>\n<!-- \/ Yoast SEO plugin. -->","yoast_head_json":{"title":"Bosch Buzdolab\u0131 Kap\u0131s\u0131 Kapanm\u0131yor - Tekirda\u011f Bosch Servisi","description":"Bosch Buzdolab\u0131 Kap\u0131s\u0131 Kapanm\u0131yor Sorun ve \u00c7\u00f6z\u00fcm Yollar\u0131 Yaz\u0131m\u0131zdad\u0131r. Tekirda\u011f Bosch Beyaz E\u015fya Servisi 0282 263 22 96.","robots":{"index":"index","follow":"follow","max-snippet":"max-snippet:-1","max-image-preview":"max-image-preview:large","max-video-preview":"max-video-preview:-1"},"canonical":"https:\/\/tekirdagboschservisi.com.tr\/index.php\/2024\/03\/25\/bosch-buzdolabi-kapisi-kapanmiyor\/","og_locale":"tr_TR","og_type":"article","og_title":"Bosch Buzdolab\u0131 Kap\u0131s\u0131 Kapanm\u0131yor - Tekirda\u011f Bosch Servisi","og_description":"Bosch Buzdolab\u0131 Kap\u0131s\u0131 Kapanm\u0131yor Sorun ve \u00c7\u00f6z\u00fcm Yollar\u0131 Yaz\u0131m\u0131zdad\u0131r. Tekirda\u011f Bosch Beyaz E\u015fya Servisi 0282 263 22 96.","og_url":"https:\/\/tekirdagboschservisi.com.tr\/index.php\/2024\/03\/25\/bosch-buzdolabi-kapisi-kapanmiyor\/","og_site_name":"Tekirda\u011f Bosch Servisi","article_published_time":"2024-03-25T11:30:49+00:00","article_modified_time":"2024-03-26T10:53:49+00:00","og_image":[{"url":"https:\/\/tekirdagboschservisi.com.tr\/wp-content\/uploads\/2024\/03\/bosch-buzdolabi-servisi-300x188.jpg","type":"","width":"","height":""}],"author":"admin","twitter_card":"summary_large_image","twitter_misc":{"Yazan:":"admin","Tahmini okuma s\u00fcresi":"2 dakika"},"schema":{"@context":"https:\/\/schema.org","@graph":[{"@type":"Article","@id":"https:\/\/tekirdagboschservisi.com.tr\/index.php\/2024\/03\/25\/bosch-buzdolabi-kapisi-kapanmiyor\/#article","isPartOf":{"@id":"https:\/\/tekirdagboschservisi.com.tr\/index.php\/2024\/03\/25\/bosch-buzdolabi-kapisi-kapanmiyor\/"},"author":{"name":"admin","@id":"https:\/\/tekirdagboschservisi.com.tr\/#\/schema\/person\/edc9799f1a76b681707496086fab3ebe"},"headline":"Bosch Buzdolab\u0131 Kap\u0131s\u0131 Kapanm\u0131yor","datePublished":"2024-03-25T11:30:49+00:00","dateModified":"2024-03-26T10:53:49+00:00","mainEntityOfPage":{"@id":"https:\/\/tekirdagboschservisi.com.tr\/index.php\/2024\/03\/25\/bosch-buzdolabi-kapisi-kapanmiyor\/"},"wordCount":401,"commentCount":0,"publisher":{"@id":"https:\/\/tekirdagboschservisi.com.tr\/#organization"},"image":{"@id":"https:\/\/tekirdagboschservisi.com.tr\/index.php\/2024\/03\/25\/bosch-buzdolabi-kapisi-kapanmiyor\/#primaryimage"},"thumbnailUrl":"https:\/\/tekirdagboschservisi.com.tr\/wp-content\/uploads\/2024\/03\/bosch-buzdolabi-servisi-300x188.jpg","keywords":["Bosch Buzdolab\u0131 Ar\u0131zalar\u0131","Bosch Buzdolab\u0131 Kap\u0131s\u0131 Kapanm\u0131yor","Bosch Buzdolab\u0131 Kap\u0131s\u0131 Kapanm\u0131yor Sorunu","Bosch Buzdolab\u0131 Kap\u0131s\u0131 Kapanm\u0131yor Sorunu ve \u00c7\u00f6z\u00fcm Yollar\u0131"],"articleSection":["Tekirda\u011f Bosch Buzdolab\u0131 Servisi"],"inLanguage":"tr","potentialAction":[{"@type":"CommentAction","name":"Comment","target":["https:\/\/tekirdagboschservisi.com.tr\/index.php\/2024\/03\/25\/bosch-buzdolabi-kapisi-kapanmiyor\/#respond"]}]},{"@type":"WebPage","@id":"https:\/\/tekirdagboschservisi.com.tr\/index.php\/2024\/03\/25\/bosch-buzdolabi-kapisi-kapanmiyor\/","url":"https:\/\/tekirdagboschservisi.com.tr\/index.php\/2024\/03\/25\/bosch-buzdolabi-kapisi-kapanmiyor\/","name":"Bosch Buzdolab\u0131 Kap\u0131s\u0131 Kapanm\u0131yor - Tekirda\u011f Bosch Servisi","isPartOf":{"@id":"https:\/\/tekirdagboschservisi.com.tr\/#website"},"primaryImageOfPage":{"@id":"https:\/\/tekirdagboschservisi.com.tr\/index.php\/2024\/03\/25\/bosch-buzdolabi-kapisi-kapanmiyor\/#primaryimage"},"image":{"@id":"https:\/\/tekirdagboschservisi.com.tr\/index.php\/2024\/03\/25\/bosch-buzdolabi-kapisi-kapanmiyor\/#primaryimage"},"thumbnailUrl":"https:\/\/tekirdagboschservisi.com.tr\/wp-content\/uploads\/2024\/03\/bosch-buzdolabi-servisi-300x188.jpg","datePublished":"2024-03-25T11:30:49+00:00","dateModified":"2024-03-26T10:53:49+00:00","description":"Bosch Buzdolab\u0131 Kap\u0131s\u0131 Kapanm\u0131yor Sorun ve \u00c7\u00f6z\u00fcm Yollar\u0131 Yaz\u0131m\u0131zdad\u0131r. Tekirda\u011f Bosch Beyaz E\u015fya Servisi 0282 263 22 96.","breadcrumb":{"@id":"https:\/\/tekirdagboschservisi.com.tr\/index.php\/2024\/03\/25\/bosch-buzdolabi-kapisi-kapanmiyor\/#breadcrumb"},"inLanguage":"tr","potentialAction":[{"@type":"ReadAction","target":["https:\/\/tekirdagboschservisi.com.tr\/index.php\/2024\/03\/25\/bosch-buzdolabi-kapisi-kapanmiyor\/"]}]},{"@type":"ImageObject","inLanguage":"tr","@id":"https:\/\/tekirdagboschservisi.com.tr\/index.php\/2024\/03\/25\/bosch-buzdolabi-kapisi-kapanmiyor\/#primaryimage","url":"https:\/\/tekirdagboschservisi.com.tr\/wp-content\/uploads\/2024\/03\/bosch-buzdolabi-servisi.jpg","contentUrl":"https:\/\/tekirdagboschservisi.com.tr\/wp-content\/uploads\/2024\/03\/bosch-buzdolabi-servisi.jpg","width":327,"height":205},{"@type":"BreadcrumbList","@id":"https:\/\/tekirdagboschservisi.com.tr\/index.php\/2024\/03\/25\/bosch-buzdolabi-kapisi-kapanmiyor\/#breadcrumb","itemListElement":[{"@type":"ListItem","position":1,"name":"Anasayfa","item":"https:\/\/tekirdagboschservisi.com.tr\/"},{"@type":"ListItem","position":2,"name":"Bosch Buzdolab\u0131 Kap\u0131s\u0131 Kapanm\u0131yor"}]},{"@type":"WebSite","@id":"https:\/\/tekirdagboschservisi.com.tr\/#website","url":"https:\/\/tekirdagboschservisi.com.tr\/","name":"Tekirda\u011f Bosch Servisi","description":"0282 263 22 96","publisher":{"@id":"https:\/\/tekirdagboschservisi.com.tr\/#organization"},"potentialAction":[{"@type":"SearchAction","target":{"@type":"EntryPoint","urlTemplate":"https:\/\/tekirdagboschservisi.com.tr\/?s={search_term_string}"},"query-input":{"@type":"PropertyValueSpecification","valueRequired":true,"valueName":"search_term_string"}}],"inLanguage":"tr"},{"@type":"Organization","@id":"https:\/\/tekirdagboschservisi.com.tr\/#organization","name":"Tekirda\u011f Bosch Servisi","url":"https:\/\/tekirdagboschservisi.com.tr\/","logo":{"@type":"ImageObject","inLanguage":"tr","@id":"https:\/\/tekirdagboschservisi.com.tr\/#\/schema\/logo\/image\/","url":"https:\/\/tekirdagboschservisi.com.tr\/wp-content\/uploads\/2024\/03\/7502c4fab3c11f90ed12b06b5e7b138d-1.jpg","contentUrl":"https:\/\/tekirdagboschservisi.com.tr\/wp-content\/uploads\/2024\/03\/7502c4fab3c11f90ed12b06b5e7b138d-1.jpg","width":250,"height":92,"caption":"Tekirda\u011f Bosch Servisi"},"image":{"@id":"https:\/\/tekirdagboschservisi.com.tr\/#\/schema\/logo\/image\/"}},{"@type":"Person","@id":"https:\/\/tekirdagboschservisi.com.tr\/#\/schema\/person\/edc9799f1a76b681707496086fab3ebe","name":"admin","image":{"@type":"ImageObject","inLanguage":"tr","@id":"https:\/\/secure.gravatar.com\/avatar\/db70c2b6f6e9a750c63863236e8b79698035aa5b561aef5deda998a2b8dbe5b4?s=96&d=mm&r=g","url":"https:\/\/secure.gravatar.com\/avatar\/db70c2b6f6e9a750c63863236e8b79698035aa5b561aef5deda998a2b8dbe5b4?s=96&d=mm&r=g","contentUrl":"https:\/\/secure.gravatar.com\/avatar\/db70c2b6f6e9a750c63863236e8b79698035aa5b561aef5deda998a2b8dbe5b4?s=96&d=mm&r=g","caption":"admin"},"sameAs":["https:\/\/tekirdagboschservisi.com.tr"],"url":"https:\/\/tekirdagboschservisi.com.tr\/index.php\/author\/bosch-tekirdag\/"}]}},"_links":{"self":[{"href":"https:\/\/tekirdagboschservisi.com.tr\/index.php\/wp-json\/wp\/v2\/posts\/148","targetHints":{"allow":["GET"]}}],"collection":[{"href":"https:\/\/tekirdagboschservisi.com.tr\/index.php\/wp-json\/wp\/v2\/posts"}],"about":[{"href":"https:\/\/tekirdagboschservisi.com.tr\/index.php\/wp-json\/wp\/v2\/types\/post"}],"author":[{"embeddable":true,"href":"https:\/\/tekirdagboschservisi.com.tr\/index.php\/wp-json\/wp\/v2\/users\/1"}],"replies":[{"embeddable":true,"href":"https:\/\/tekirdagboschservisi.com.tr\/index.php\/wp-json\/wp\/v2\/comments?post=148"}],"version-history":[{"count":2,"href":"https:\/\/tekirdagboschservisi.com.tr\/index.php\/wp-json\/wp\/v2\/posts\/148\/revisions"}],"predecessor-version":[{"id":239,"href":"https:\/\/tekirdagboschservisi.com.tr\/index.php\/wp-json\/wp\/v2\/posts\/148\/revisions\/239"}],"wp:attachment":[{"href":"https:\/\/tekirdagboschservisi.com.tr\/index.php\/wp-json\/wp\/v2\/media?parent=148"}],"wp:term":[{"taxonomy":"category","embeddable":true,"href":"https:\/\/tekirdagboschservisi.com.tr\/index.php\/wp-json\/wp\/v2\/categories?post=148"},{"taxonomy":"post_tag","embeddable":true,"href":"https:\/\/tekirdagboschservisi.com.tr\/index.php\/wp-json\/wp\/v2\/tags?post=148"}],"curies":[{"name":"wp","href":"https:\/\/api.w.org\/{rel}","templated":true}]}}