{"id":1101,"date":"2024-07-11T13:25:49","date_gmt":"2024-07-11T13:25:49","guid":{"rendered":"https:\/\/tekirdagboschservisi.com.tr\/?p=1101"},"modified":"2024-07-11T13:25:49","modified_gmt":"2024-07-11T13:25:49","slug":"profilo-klima-elektrik-sorunu-ve-cozum-yollari","status":"publish","type":"post","link":"https:\/\/tekirdagboschservisi.com.tr\/index.php\/2024\/07\/11\/profilo-klima-elektrik-sorunu-ve-cozum-yollari\/","title":{"rendered":"Profilo Klima Elektrik Sorunu ve \u00c7\u00f6z\u00fcm Yollar\u0131"},"content":{"rendered":"<p><img fetchpriority=\"high\" decoding=\"async\" class=\"alignnone size-full wp-image-353\" src=\"https:\/\/tekirdagboschservisi.com.tr\/wp-content\/uploads\/2024\/03\/Profilo-Klima-Servisi.jpg\" alt=\"Tekirda\u011f Profilo Klima Servisi 0282 263 22 96 Tekirda\u011f Profilo Klima Ar\u0131za Servisi 0282 263 22 96 Tekirda\u011f Profilo Bak\u0131m Servisi 0282 263 22 96 Tekirda\u011f Profilo Klima Montaj ve Demontaj Servisi 0282 263 22 96 Profilo Klima So\u011futmuyor Sorunu ve \u00c7\u00f6z\u00fcm Yollar\u0131 Profilo Klima Is\u0131tm\u0131yor Sorunu ve \u00c7\u00f6z\u00fcm Yollar\u0131 Profilo Klima Su S\u0131zd\u0131rma Sorunu ve \u00c7\u00f6z\u00fcm Yollar\u0131 Profilo Klima Hava Ak\u0131\u015f\u0131 Zay\u0131f Sorunu ve \u00c7\u00f6z\u00fcm Yollar\u0131 Profilo Klima G\u00fcr\u00fclt\u00fcl\u00fc \u00c7al\u0131\u015fma Sorunu ve \u00c7\u00f6z\u00fcm Yollar\u0131 Profilo Klima Koku Yapma Sorunu ve \u00c7\u00f6z\u00fcm Yollar\u0131 Profilo Klima Uzaktan Kumanda Sorunu ve \u00c7\u00f6z\u00fcm Yollar\u0131 Profilo Klima Elektrik Sorunu ve \u00c7\u00f6z\u00fcm Yollar\u0131\" width=\"1004\" height=\"591\" srcset=\"https:\/\/tekirdagboschservisi.com.tr\/wp-content\/uploads\/2024\/03\/Profilo-Klima-Servisi.jpg 1004w, https:\/\/tekirdagboschservisi.com.tr\/wp-content\/uploads\/2024\/03\/Profilo-Klima-Servisi-300x177.jpg 300w, https:\/\/tekirdagboschservisi.com.tr\/wp-content\/uploads\/2024\/03\/Profilo-Klima-Servisi-768x452.jpg 768w\" sizes=\"(max-width: 1004px) 100vw, 1004px\" \/><\/p>\n<h2>Profilo Klima Elektrik Sorunu ve \u00c7\u00f6z\u00fcm Yollar\u0131<\/h2>\n<h3>Elektrik Sorununun Nedenleri:<\/h3>\n<p>Profilo klima elektrik sorunu ya\u015famas\u0131, birka\u00e7 yayg\u0131n sorundan kaynaklanabilir. \u0130lk olarak, g\u00fc\u00e7 kayna\u011f\u0131 sorunu olabilir. Makine, elektrik ba\u011flant\u0131s\u0131 kesilmi\u015f veya fi\u015fi \u00e7ekilmi\u015f olabilir. Ayr\u0131ca, priz ar\u0131zal\u0131 olabilir. Priz d\u00fczg\u00fcn \u00e7al\u0131\u015fmad\u0131\u011f\u0131nda, makineye elektrik gitmez. Elektrik kablolar\u0131 gev\u015femi\u015f veya hasar g\u00f6rm\u00fc\u015f olabilir. Gev\u015femi\u015f veya hasar g\u00f6rm\u00fc\u015f kablolar, makinenin \u00e7al\u0131\u015fmas\u0131n\u0131 engeller. Sigorta veya devre kesici ar\u0131zal\u0131 olabilir. Sigorta atm\u0131\u015f veya devre kesici kapanm\u0131\u015fsa, makineye elektrik gitmez. Son olarak, kontrol paneli ar\u0131zal\u0131 olabilir. Kontrol paneli, makinenin t\u00fcm i\u015flevlerini kontrol eder ve ar\u0131zal\u0131 oldu\u011funda makine \u00e7al\u0131\u015fmaz.<\/p>\n<p><strong>\u00c7\u00f6z\u00fcm Yollar\u0131:<\/strong><\/p>\n<p>Elektrik sorununu \u00e7\u00f6zmek i\u00e7in ilk olarak g\u00fc\u00e7 kayna\u011f\u0131n\u0131 kontrol edin. Makinenin fi\u015finin tak\u0131l\u0131 oldu\u011fundan ve prizde elektrik oldu\u011fundan emin olun. Elektrik ba\u011flant\u0131lar\u0131nda bir sorun varsa, bir elektrik\u00e7iden yard\u0131m al\u0131n.<\/p>\n<p>\u0130kinci olarak, prizi kontrol edin. Priz ar\u0131zal\u0131ysa, de\u011fi\u015ftirilmesi gerekebilir. Prizin \u00e7al\u0131\u015f\u0131p \u00e7al\u0131\u015fmad\u0131\u011f\u0131n\u0131 kontrol etmek i\u00e7in ba\u015fka bir cihaz\u0131 prizde deneyebilirsiniz. Priz ar\u0131zal\u0131ysa, bir elektrik\u00e7iden yard\u0131m al\u0131n.<\/p>\n<p>\u00dc\u00e7\u00fcnc\u00fc olarak, elektrik kablolar\u0131n\u0131 kontrol edin. Kablolar\u0131n gev\u015femi\u015f veya hasar g\u00f6rm\u00fc\u015f olup olmad\u0131\u011f\u0131n\u0131 kontrol edin. Gev\u015femi\u015f kablolar\u0131 s\u0131k\u0131n ve hasar g\u00f6rm\u00fc\u015f kablolar\u0131 de\u011fi\u015ftirin. Elektrik ba\u011flant\u0131lar\u0131n\u0131 kontrol ederken dikkatli olun ve g\u00fcvenli\u011finiz i\u00e7in bu i\u015flemi yaparken makineyi fi\u015ften \u00e7ekin.<\/p>\n<p>Son olarak, sigorta veya devre kesiciyi kontrol edin. Sigorta atm\u0131\u015f veya devre kesici kapanm\u0131\u015fsa, sigortay\u0131 de\u011fi\u015ftirin veya devre kesiciyi a\u00e7\u0131n. Sigorta ve devre kesiciyi kontrol etmek i\u00e7in bir elektrik\u00e7iden yard\u0131m al\u0131n.<\/p>\n<p><a href=\"https:\/\/tekirdagboschservisi.com.tr\/index.php\/tekirdag-profilo-klima-servisi-0282-263-22-96\/\">Profilo<\/a> kliman\u0131z\u0131n elektrik sorunu, makinenin \u00e7al\u0131\u015fmamas\u0131na neden olabilir ve evinizin konforunu d\u00fc\u015f\u00fcrebilir. Yukar\u0131daki ad\u0131mlar\u0131 izleyerek, elektrik sorununu \u00e7\u00f6zebilir <a href=\"http:\/\/google.com.tr\">ve<\/a> kliman\u0131z\u0131n sorunsuz \u00e7al\u0131\u015fmas\u0131n\u0131 sa\u011flayabilirsiniz.<\/p>\n<p><a href=\"tel:02822632296\"><img decoding=\"async\" class=\"size-full wp-image-1002 aligncenter\" src=\"https:\/\/tekirdagboschservisi.com.tr\/wp-content\/uploads\/2024\/07\/Profilo-Destek-ve-Bilgi-Merkezi.jpg\" alt=\"Profilo Destek ve Bilgi Merkezi\" width=\"567\" height=\"197\" srcset=\"https:\/\/tekirdagboschservisi.com.tr\/wp-content\/uploads\/2024\/07\/Profilo-Destek-ve-Bilgi-Merkezi.jpg 567w, https:\/\/tekirdagboschservisi.com.tr\/wp-content\/uploads\/2024\/07\/Profilo-Destek-ve-Bilgi-Merkezi-300x104.jpg 300w, https:\/\/tekirdagboschservisi.com.tr\/wp-content\/uploads\/2024\/07\/Profilo-Destek-ve-Bilgi-Merkezi-230x80.jpg 230w, https:\/\/tekirdagboschservisi.com.tr\/wp-content\/uploads\/2024\/07\/Profilo-Destek-ve-Bilgi-Merkezi-350x122.jpg 350w, https:\/\/tekirdagboschservisi.com.tr\/wp-content\/uploads\/2024\/07\/Profilo-Destek-ve-Bilgi-Merkezi-480x167.jpg 480w\" sizes=\"(max-width: 567px) 100vw, 567px\" \/><\/a><\/p>\n","protected":false},"excerpt":{"rendered":"<p>Profilo Klima Elektrik Sorunu ve \u00c7\u00f6z\u00fcm Yollar\u0131 Elektrik Sorununun Nedenleri: Profilo klima elektrik sorunu ya\u015famas\u0131, birka\u00e7 yayg\u0131n sorundan kaynaklanabilir. \u0130lk olarak, g\u00fc\u00e7 kayna\u011f\u0131 sorunu olabilir. [&hellip;]<\/p>\n","protected":false},"author":1,"featured_media":0,"comment_status":"open","ping_status":"open","sticky":false,"template":"","format":"standard","meta":{"footnotes":""},"categories":[1876],"tags":[1916,1919,1625,1918,1915,1917,1883,1914],"class_list":["post-1101","post","type-post","status-publish","format-standard","hentry","category-profilo-klima-arizalari","tag-klima-elektrik-kablolari","tag-klima-elektrik-sorunu-cozumu","tag-klima-guc-kaynagi-sorunu","tag-klima-kontrol-paneli-arizasi","tag-klima-priz-arizasi","tag-klima-sigorta-arizasi","tag-profilo-klima-arizasi","tag-profilo-klima-elektrik-sorunu"],"yoast_head":"<!-- This site is optimized with the Yoast SEO plugin v27.5 - https:\/\/yoast.com\/product\/yoast-seo-wordpress\/ -->\n<title>Profilo Klima Elektrik Sorunu ve \u00c7\u00f6z\u00fcm Yollar\u0131 - Tekirda\u011f Bosch Servisi<\/title>\n<meta name=\"description\" content=\"Profilo klima elektrik sorunu ya\u015famas\u0131, birka\u00e7 yayg\u0131n sorundan kaynaklanabilir. \u0130lk olarak, g\u00fc\u00e7 kayna\u011f\u0131 sorunu olabilir. Makine, elektrik...\" \/>\n<meta name=\"robots\" content=\"index, follow, max-snippet:-1, max-image-preview:large, max-video-preview:-1\" \/>\n<link rel=\"canonical\" href=\"https:\/\/tekirdagboschservisi.com.tr\/index.php\/2024\/07\/11\/profilo-klima-elektrik-sorunu-ve-cozum-yollari\/\" \/>\n<meta property=\"og:locale\" content=\"tr_TR\" \/>\n<meta property=\"og:type\" content=\"article\" \/>\n<meta property=\"og:title\" content=\"Profilo Klima Elektrik Sorunu ve \u00c7\u00f6z\u00fcm Yollar\u0131 - Tekirda\u011f Bosch Servisi\" \/>\n<meta property=\"og:description\" content=\"Profilo klima elektrik sorunu ya\u015famas\u0131, birka\u00e7 yayg\u0131n sorundan kaynaklanabilir. \u0130lk olarak, g\u00fc\u00e7 kayna\u011f\u0131 sorunu olabilir. Makine, elektrik...\" \/>\n<meta property=\"og:url\" content=\"https:\/\/tekirdagboschservisi.com.tr\/index.php\/2024\/07\/11\/profilo-klima-elektrik-sorunu-ve-cozum-yollari\/\" \/>\n<meta property=\"og:site_name\" content=\"Tekirda\u011f Bosch Servisi\" \/>\n<meta property=\"article:published_time\" content=\"2024-07-11T13:25:49+00:00\" \/>\n<meta property=\"og:image\" content=\"https:\/\/tekirdagboschservisi.com.tr\/wp-content\/uploads\/2024\/03\/Profilo-Klima-Servisi.jpg\" \/>\n<meta name=\"author\" content=\"admin\" \/>\n<meta name=\"twitter:card\" content=\"summary_large_image\" \/>\n<meta name=\"twitter:label1\" content=\"Yazan:\" \/>\n\t<meta name=\"twitter:data1\" content=\"admin\" \/>\n\t<meta name=\"twitter:label2\" content=\"Tahmini okuma s\u00fcresi\" \/>\n\t<meta name=\"twitter:data2\" content=\"2 dakika\" \/>\n<script type=\"application\/ld+json\" class=\"yoast-schema-graph\">{\"@context\":\"https:\\\/\\\/schema.org\",\"@graph\":[{\"@type\":\"Article\",\"@id\":\"https:\\\/\\\/tekirdagboschservisi.com.tr\\\/index.php\\\/2024\\\/07\\\/11\\\/profilo-klima-elektrik-sorunu-ve-cozum-yollari\\\/#article\",\"isPartOf\":{\"@id\":\"https:\\\/\\\/tekirdagboschservisi.com.tr\\\/index.php\\\/2024\\\/07\\\/11\\\/profilo-klima-elektrik-sorunu-ve-cozum-yollari\\\/\"},\"author\":{\"name\":\"admin\",\"@id\":\"https:\\\/\\\/tekirdagboschservisi.com.tr\\\/#\\\/schema\\\/person\\\/edc9799f1a76b681707496086fab3ebe\"},\"headline\":\"Profilo Klima Elektrik Sorunu ve \u00c7\u00f6z\u00fcm Yollar\u0131\",\"datePublished\":\"2024-07-11T13:25:49+00:00\",\"mainEntityOfPage\":{\"@id\":\"https:\\\/\\\/tekirdagboschservisi.com.tr\\\/index.php\\\/2024\\\/07\\\/11\\\/profilo-klima-elektrik-sorunu-ve-cozum-yollari\\\/\"},\"wordCount\":340,\"commentCount\":0,\"publisher\":{\"@id\":\"https:\\\/\\\/tekirdagboschservisi.com.tr\\\/#organization\"},\"image\":{\"@id\":\"https:\\\/\\\/tekirdagboschservisi.com.tr\\\/index.php\\\/2024\\\/07\\\/11\\\/profilo-klima-elektrik-sorunu-ve-cozum-yollari\\\/#primaryimage\"},\"thumbnailUrl\":\"https:\\\/\\\/tekirdagboschservisi.com.tr\\\/wp-content\\\/uploads\\\/2024\\\/03\\\/Profilo-Klima-Servisi.jpg\",\"keywords\":[\"klima elektrik kablolar\u0131\",\"klima elektrik sorunu \u00e7\u00f6z\u00fcm\u00fc\",\"klima g\u00fc\u00e7 kayna\u011f\u0131 sorunu\",\"klima kontrol paneli ar\u0131zas\u0131\",\"klima priz ar\u0131zas\u0131\",\"klima sigorta ar\u0131zas\u0131\",\"Profilo klima ar\u0131zas\u0131\",\"Profilo klima elektrik sorunu\"],\"articleSection\":[\"Profilo Klima Ar\u0131zalar\u0131\"],\"inLanguage\":\"tr\",\"potentialAction\":[{\"@type\":\"CommentAction\",\"name\":\"Comment\",\"target\":[\"https:\\\/\\\/tekirdagboschservisi.com.tr\\\/index.php\\\/2024\\\/07\\\/11\\\/profilo-klima-elektrik-sorunu-ve-cozum-yollari\\\/#respond\"]}]},{\"@type\":\"WebPage\",\"@id\":\"https:\\\/\\\/tekirdagboschservisi.com.tr\\\/index.php\\\/2024\\\/07\\\/11\\\/profilo-klima-elektrik-sorunu-ve-cozum-yollari\\\/\",\"url\":\"https:\\\/\\\/tekirdagboschservisi.com.tr\\\/index.php\\\/2024\\\/07\\\/11\\\/profilo-klima-elektrik-sorunu-ve-cozum-yollari\\\/\",\"name\":\"Profilo Klima Elektrik Sorunu ve \u00c7\u00f6z\u00fcm Yollar\u0131 - Tekirda\u011f Bosch Servisi\",\"isPartOf\":{\"@id\":\"https:\\\/\\\/tekirdagboschservisi.com.tr\\\/#website\"},\"primaryImageOfPage\":{\"@id\":\"https:\\\/\\\/tekirdagboschservisi.com.tr\\\/index.php\\\/2024\\\/07\\\/11\\\/profilo-klima-elektrik-sorunu-ve-cozum-yollari\\\/#primaryimage\"},\"image\":{\"@id\":\"https:\\\/\\\/tekirdagboschservisi.com.tr\\\/index.php\\\/2024\\\/07\\\/11\\\/profilo-klima-elektrik-sorunu-ve-cozum-yollari\\\/#primaryimage\"},\"thumbnailUrl\":\"https:\\\/\\\/tekirdagboschservisi.com.tr\\\/wp-content\\\/uploads\\\/2024\\\/03\\\/Profilo-Klima-Servisi.jpg\",\"datePublished\":\"2024-07-11T13:25:49+00:00\",\"description\":\"Profilo klima elektrik sorunu ya\u015famas\u0131, birka\u00e7 yayg\u0131n sorundan kaynaklanabilir. \u0130lk olarak, g\u00fc\u00e7 kayna\u011f\u0131 sorunu olabilir. Makine, elektrik...\",\"breadcrumb\":{\"@id\":\"https:\\\/\\\/tekirdagboschservisi.com.tr\\\/index.php\\\/2024\\\/07\\\/11\\\/profilo-klima-elektrik-sorunu-ve-cozum-yollari\\\/#breadcrumb\"},\"inLanguage\":\"tr\",\"potentialAction\":[{\"@type\":\"ReadAction\",\"target\":[\"https:\\\/\\\/tekirdagboschservisi.com.tr\\\/index.php\\\/2024\\\/07\\\/11\\\/profilo-klima-elektrik-sorunu-ve-cozum-yollari\\\/\"]}]},{\"@type\":\"ImageObject\",\"inLanguage\":\"tr\",\"@id\":\"https:\\\/\\\/tekirdagboschservisi.com.tr\\\/index.php\\\/2024\\\/07\\\/11\\\/profilo-klima-elektrik-sorunu-ve-cozum-yollari\\\/#primaryimage\",\"url\":\"https:\\\/\\\/tekirdagboschservisi.com.tr\\\/wp-content\\\/uploads\\\/2024\\\/03\\\/Profilo-Klima-Servisi.jpg\",\"contentUrl\":\"https:\\\/\\\/tekirdagboschservisi.com.tr\\\/wp-content\\\/uploads\\\/2024\\\/03\\\/Profilo-Klima-Servisi.jpg\",\"width\":1004,\"height\":591,\"caption\":\"Tekirda\u011f Profilo Klima Servisi 0282 263 22 96 Tekirda\u011f Profilo Klima Ar\u0131za Servisi 0282 263 22 96 Tekirda\u011f Profilo Bak\u0131m Servisi 0282 263 22 96 Tekirda\u011f Profilo Klima Montaj ve Demontaj Servisi 0282 263 22 96 Profilo Klima So\u011futmuyor Sorunu ve \u00c7\u00f6z\u00fcm Yollar\u0131 Profilo Klima Is\u0131tm\u0131yor Sorunu ve \u00c7\u00f6z\u00fcm Yollar\u0131 Profilo Klima Su S\u0131zd\u0131rma Sorunu ve \u00c7\u00f6z\u00fcm Yollar\u0131 Profilo Klima Hava Ak\u0131\u015f\u0131 Zay\u0131f Sorunu ve \u00c7\u00f6z\u00fcm Yollar\u0131 Profilo Klima G\u00fcr\u00fclt\u00fcl\u00fc \u00c7al\u0131\u015fma Sorunu ve \u00c7\u00f6z\u00fcm Yollar\u0131 Profilo Klima Koku Yapma Sorunu ve \u00c7\u00f6z\u00fcm Yollar\u0131 Profilo Klima Uzaktan Kumanda Sorunu ve \u00c7\u00f6z\u00fcm Yollar\u0131 Profilo Klima Elektrik Sorunu ve \u00c7\u00f6z\u00fcm Yollar\u0131\"},{\"@type\":\"BreadcrumbList\",\"@id\":\"https:\\\/\\\/tekirdagboschservisi.com.tr\\\/index.php\\\/2024\\\/07\\\/11\\\/profilo-klima-elektrik-sorunu-ve-cozum-yollari\\\/#breadcrumb\",\"itemListElement\":[{\"@type\":\"ListItem\",\"position\":1,\"name\":\"Anasayfa\",\"item\":\"https:\\\/\\\/tekirdagboschservisi.com.tr\\\/\"},{\"@type\":\"ListItem\",\"position\":2,\"name\":\"Profilo Klima Elektrik Sorunu ve \u00c7\u00f6z\u00fcm Yollar\u0131\"}]},{\"@type\":\"WebSite\",\"@id\":\"https:\\\/\\\/tekirdagboschservisi.com.tr\\\/#website\",\"url\":\"https:\\\/\\\/tekirdagboschservisi.com.tr\\\/\",\"name\":\"Tekirda\u011f Bosch Servisi\",\"description\":\"0282 263 22 96\",\"publisher\":{\"@id\":\"https:\\\/\\\/tekirdagboschservisi.com.tr\\\/#organization\"},\"potentialAction\":[{\"@type\":\"SearchAction\",\"target\":{\"@type\":\"EntryPoint\",\"urlTemplate\":\"https:\\\/\\\/tekirdagboschservisi.com.tr\\\/?s={search_term_string}\"},\"query-input\":{\"@type\":\"PropertyValueSpecification\",\"valueRequired\":true,\"valueName\":\"search_term_string\"}}],\"inLanguage\":\"tr\"},{\"@type\":\"Organization\",\"@id\":\"https:\\\/\\\/tekirdagboschservisi.com.tr\\\/#organization\",\"name\":\"Tekirda\u011f Bosch Servisi\",\"url\":\"https:\\\/\\\/tekirdagboschservisi.com.tr\\\/\",\"logo\":{\"@type\":\"ImageObject\",\"inLanguage\":\"tr\",\"@id\":\"https:\\\/\\\/tekirdagboschservisi.com.tr\\\/#\\\/schema\\\/logo\\\/image\\\/\",\"url\":\"https:\\\/\\\/tekirdagboschservisi.com.tr\\\/wp-content\\\/uploads\\\/2024\\\/03\\\/7502c4fab3c11f90ed12b06b5e7b138d-1.jpg\",\"contentUrl\":\"https:\\\/\\\/tekirdagboschservisi.com.tr\\\/wp-content\\\/uploads\\\/2024\\\/03\\\/7502c4fab3c11f90ed12b06b5e7b138d-1.jpg\",\"width\":250,\"height\":92,\"caption\":\"Tekirda\u011f Bosch Servisi\"},\"image\":{\"@id\":\"https:\\\/\\\/tekirdagboschservisi.com.tr\\\/#\\\/schema\\\/logo\\\/image\\\/\"}},{\"@type\":\"Person\",\"@id\":\"https:\\\/\\\/tekirdagboschservisi.com.tr\\\/#\\\/schema\\\/person\\\/edc9799f1a76b681707496086fab3ebe\",\"name\":\"admin\",\"image\":{\"@type\":\"ImageObject\",\"inLanguage\":\"tr\",\"@id\":\"https:\\\/\\\/secure.gravatar.com\\\/avatar\\\/db70c2b6f6e9a750c63863236e8b79698035aa5b561aef5deda998a2b8dbe5b4?s=96&d=mm&r=g\",\"url\":\"https:\\\/\\\/secure.gravatar.com\\\/avatar\\\/db70c2b6f6e9a750c63863236e8b79698035aa5b561aef5deda998a2b8dbe5b4?s=96&d=mm&r=g\",\"contentUrl\":\"https:\\\/\\\/secure.gravatar.com\\\/avatar\\\/db70c2b6f6e9a750c63863236e8b79698035aa5b561aef5deda998a2b8dbe5b4?s=96&d=mm&r=g\",\"caption\":\"admin\"},\"sameAs\":[\"https:\\\/\\\/tekirdagboschservisi.com.tr\"],\"url\":\"https:\\\/\\\/tekirdagboschservisi.com.tr\\\/index.php\\\/author\\\/bosch-tekirdag\\\/\"}]}<\/script>\n<!-- \/ Yoast SEO plugin. -->","yoast_head_json":{"title":"Profilo Klima Elektrik Sorunu ve \u00c7\u00f6z\u00fcm Yollar\u0131 - Tekirda\u011f Bosch Servisi","description":"Profilo klima elektrik sorunu ya\u015famas\u0131, birka\u00e7 yayg\u0131n sorundan kaynaklanabilir. \u0130lk olarak, g\u00fc\u00e7 kayna\u011f\u0131 sorunu olabilir. Makine, elektrik...","robots":{"index":"index","follow":"follow","max-snippet":"max-snippet:-1","max-image-preview":"max-image-preview:large","max-video-preview":"max-video-preview:-1"},"canonical":"https:\/\/tekirdagboschservisi.com.tr\/index.php\/2024\/07\/11\/profilo-klima-elektrik-sorunu-ve-cozum-yollari\/","og_locale":"tr_TR","og_type":"article","og_title":"Profilo Klima Elektrik Sorunu ve \u00c7\u00f6z\u00fcm Yollar\u0131 - Tekirda\u011f Bosch Servisi","og_description":"Profilo klima elektrik sorunu ya\u015famas\u0131, birka\u00e7 yayg\u0131n sorundan kaynaklanabilir. \u0130lk olarak, g\u00fc\u00e7 kayna\u011f\u0131 sorunu olabilir. Makine, elektrik...","og_url":"https:\/\/tekirdagboschservisi.com.tr\/index.php\/2024\/07\/11\/profilo-klima-elektrik-sorunu-ve-cozum-yollari\/","og_site_name":"Tekirda\u011f Bosch Servisi","article_published_time":"2024-07-11T13:25:49+00:00","og_image":[{"url":"https:\/\/tekirdagboschservisi.com.tr\/wp-content\/uploads\/2024\/03\/Profilo-Klima-Servisi.jpg","type":"","width":"","height":""}],"author":"admin","twitter_card":"summary_large_image","twitter_misc":{"Yazan:":"admin","Tahmini okuma s\u00fcresi":"2 dakika"},"schema":{"@context":"https:\/\/schema.org","@graph":[{"@type":"Article","@id":"https:\/\/tekirdagboschservisi.com.tr\/index.php\/2024\/07\/11\/profilo-klima-elektrik-sorunu-ve-cozum-yollari\/#article","isPartOf":{"@id":"https:\/\/tekirdagboschservisi.com.tr\/index.php\/2024\/07\/11\/profilo-klima-elektrik-sorunu-ve-cozum-yollari\/"},"author":{"name":"admin","@id":"https:\/\/tekirdagboschservisi.com.tr\/#\/schema\/person\/edc9799f1a76b681707496086fab3ebe"},"headline":"Profilo Klima Elektrik Sorunu ve \u00c7\u00f6z\u00fcm Yollar\u0131","datePublished":"2024-07-11T13:25:49+00:00","mainEntityOfPage":{"@id":"https:\/\/tekirdagboschservisi.com.tr\/index.php\/2024\/07\/11\/profilo-klima-elektrik-sorunu-ve-cozum-yollari\/"},"wordCount":340,"commentCount":0,"publisher":{"@id":"https:\/\/tekirdagboschservisi.com.tr\/#organization"},"image":{"@id":"https:\/\/tekirdagboschservisi.com.tr\/index.php\/2024\/07\/11\/profilo-klima-elektrik-sorunu-ve-cozum-yollari\/#primaryimage"},"thumbnailUrl":"https:\/\/tekirdagboschservisi.com.tr\/wp-content\/uploads\/2024\/03\/Profilo-Klima-Servisi.jpg","keywords":["klima elektrik kablolar\u0131","klima elektrik sorunu \u00e7\u00f6z\u00fcm\u00fc","klima g\u00fc\u00e7 kayna\u011f\u0131 sorunu","klima kontrol paneli ar\u0131zas\u0131","klima priz ar\u0131zas\u0131","klima sigorta ar\u0131zas\u0131","Profilo klima ar\u0131zas\u0131","Profilo klima elektrik sorunu"],"articleSection":["Profilo Klima Ar\u0131zalar\u0131"],"inLanguage":"tr","potentialAction":[{"@type":"CommentAction","name":"Comment","target":["https:\/\/tekirdagboschservisi.com.tr\/index.php\/2024\/07\/11\/profilo-klima-elektrik-sorunu-ve-cozum-yollari\/#respond"]}]},{"@type":"WebPage","@id":"https:\/\/tekirdagboschservisi.com.tr\/index.php\/2024\/07\/11\/profilo-klima-elektrik-sorunu-ve-cozum-yollari\/","url":"https:\/\/tekirdagboschservisi.com.tr\/index.php\/2024\/07\/11\/profilo-klima-elektrik-sorunu-ve-cozum-yollari\/","name":"Profilo Klima Elektrik Sorunu ve \u00c7\u00f6z\u00fcm Yollar\u0131 - Tekirda\u011f Bosch Servisi","isPartOf":{"@id":"https:\/\/tekirdagboschservisi.com.tr\/#website"},"primaryImageOfPage":{"@id":"https:\/\/tekirdagboschservisi.com.tr\/index.php\/2024\/07\/11\/profilo-klima-elektrik-sorunu-ve-cozum-yollari\/#primaryimage"},"image":{"@id":"https:\/\/tekirdagboschservisi.com.tr\/index.php\/2024\/07\/11\/profilo-klima-elektrik-sorunu-ve-cozum-yollari\/#primaryimage"},"thumbnailUrl":"https:\/\/tekirdagboschservisi.com.tr\/wp-content\/uploads\/2024\/03\/Profilo-Klima-Servisi.jpg","datePublished":"2024-07-11T13:25:49+00:00","description":"Profilo klima elektrik sorunu ya\u015famas\u0131, birka\u00e7 yayg\u0131n sorundan kaynaklanabilir. \u0130lk olarak, g\u00fc\u00e7 kayna\u011f\u0131 sorunu olabilir. Makine, elektrik...","breadcrumb":{"@id":"https:\/\/tekirdagboschservisi.com.tr\/index.php\/2024\/07\/11\/profilo-klima-elektrik-sorunu-ve-cozum-yollari\/#breadcrumb"},"inLanguage":"tr","potentialAction":[{"@type":"ReadAction","target":["https:\/\/tekirdagboschservisi.com.tr\/index.php\/2024\/07\/11\/profilo-klima-elektrik-sorunu-ve-cozum-yollari\/"]}]},{"@type":"ImageObject","inLanguage":"tr","@id":"https:\/\/tekirdagboschservisi.com.tr\/index.php\/2024\/07\/11\/profilo-klima-elektrik-sorunu-ve-cozum-yollari\/#primaryimage","url":"https:\/\/tekirdagboschservisi.com.tr\/wp-content\/uploads\/2024\/03\/Profilo-Klima-Servisi.jpg","contentUrl":"https:\/\/tekirdagboschservisi.com.tr\/wp-content\/uploads\/2024\/03\/Profilo-Klima-Servisi.jpg","width":1004,"height":591,"caption":"Tekirda\u011f Profilo Klima Servisi 0282 263 22 96 Tekirda\u011f Profilo Klima Ar\u0131za Servisi 0282 263 22 96 Tekirda\u011f Profilo Bak\u0131m Servisi 0282 263 22 96 Tekirda\u011f Profilo Klima Montaj ve Demontaj Servisi 0282 263 22 96 Profilo Klima So\u011futmuyor Sorunu ve \u00c7\u00f6z\u00fcm Yollar\u0131 Profilo Klima Is\u0131tm\u0131yor Sorunu ve \u00c7\u00f6z\u00fcm Yollar\u0131 Profilo Klima Su S\u0131zd\u0131rma Sorunu ve \u00c7\u00f6z\u00fcm Yollar\u0131 Profilo Klima Hava Ak\u0131\u015f\u0131 Zay\u0131f Sorunu ve \u00c7\u00f6z\u00fcm Yollar\u0131 Profilo Klima G\u00fcr\u00fclt\u00fcl\u00fc \u00c7al\u0131\u015fma Sorunu ve \u00c7\u00f6z\u00fcm Yollar\u0131 Profilo Klima Koku Yapma Sorunu ve \u00c7\u00f6z\u00fcm Yollar\u0131 Profilo Klima Uzaktan Kumanda Sorunu ve \u00c7\u00f6z\u00fcm Yollar\u0131 Profilo Klima Elektrik Sorunu ve \u00c7\u00f6z\u00fcm Yollar\u0131"},{"@type":"BreadcrumbList","@id":"https:\/\/tekirdagboschservisi.com.tr\/index.php\/2024\/07\/11\/profilo-klima-elektrik-sorunu-ve-cozum-yollari\/#breadcrumb","itemListElement":[{"@type":"ListItem","position":1,"name":"Anasayfa","item":"https:\/\/tekirdagboschservisi.com.tr\/"},{"@type":"ListItem","position":2,"name":"Profilo Klima Elektrik Sorunu ve \u00c7\u00f6z\u00fcm Yollar\u0131"}]},{"@type":"WebSite","@id":"https:\/\/tekirdagboschservisi.com.tr\/#website","url":"https:\/\/tekirdagboschservisi.com.tr\/","name":"Tekirda\u011f Bosch Servisi","description":"0282 263 22 96","publisher":{"@id":"https:\/\/tekirdagboschservisi.com.tr\/#organization"},"potentialAction":[{"@type":"SearchAction","target":{"@type":"EntryPoint","urlTemplate":"https:\/\/tekirdagboschservisi.com.tr\/?s={search_term_string}"},"query-input":{"@type":"PropertyValueSpecification","valueRequired":true,"valueName":"search_term_string"}}],"inLanguage":"tr"},{"@type":"Organization","@id":"https:\/\/tekirdagboschservisi.com.tr\/#organization","name":"Tekirda\u011f Bosch Servisi","url":"https:\/\/tekirdagboschservisi.com.tr\/","logo":{"@type":"ImageObject","inLanguage":"tr","@id":"https:\/\/tekirdagboschservisi.com.tr\/#\/schema\/logo\/image\/","url":"https:\/\/tekirdagboschservisi.com.tr\/wp-content\/uploads\/2024\/03\/7502c4fab3c11f90ed12b06b5e7b138d-1.jpg","contentUrl":"https:\/\/tekirdagboschservisi.com.tr\/wp-content\/uploads\/2024\/03\/7502c4fab3c11f90ed12b06b5e7b138d-1.jpg","width":250,"height":92,"caption":"Tekirda\u011f Bosch Servisi"},"image":{"@id":"https:\/\/tekirdagboschservisi.com.tr\/#\/schema\/logo\/image\/"}},{"@type":"Person","@id":"https:\/\/tekirdagboschservisi.com.tr\/#\/schema\/person\/edc9799f1a76b681707496086fab3ebe","name":"admin","image":{"@type":"ImageObject","inLanguage":"tr","@id":"https:\/\/secure.gravatar.com\/avatar\/db70c2b6f6e9a750c63863236e8b79698035aa5b561aef5deda998a2b8dbe5b4?s=96&d=mm&r=g","url":"https:\/\/secure.gravatar.com\/avatar\/db70c2b6f6e9a750c63863236e8b79698035aa5b561aef5deda998a2b8dbe5b4?s=96&d=mm&r=g","contentUrl":"https:\/\/secure.gravatar.com\/avatar\/db70c2b6f6e9a750c63863236e8b79698035aa5b561aef5deda998a2b8dbe5b4?s=96&d=mm&r=g","caption":"admin"},"sameAs":["https:\/\/tekirdagboschservisi.com.tr"],"url":"https:\/\/tekirdagboschservisi.com.tr\/index.php\/author\/bosch-tekirdag\/"}]}},"_links":{"self":[{"href":"https:\/\/tekirdagboschservisi.com.tr\/index.php\/wp-json\/wp\/v2\/posts\/1101","targetHints":{"allow":["GET"]}}],"collection":[{"href":"https:\/\/tekirdagboschservisi.com.tr\/index.php\/wp-json\/wp\/v2\/posts"}],"about":[{"href":"https:\/\/tekirdagboschservisi.com.tr\/index.php\/wp-json\/wp\/v2\/types\/post"}],"author":[{"embeddable":true,"href":"https:\/\/tekirdagboschservisi.com.tr\/index.php\/wp-json\/wp\/v2\/users\/1"}],"replies":[{"embeddable":true,"href":"https:\/\/tekirdagboschservisi.com.tr\/index.php\/wp-json\/wp\/v2\/comments?post=1101"}],"version-history":[{"count":1,"href":"https:\/\/tekirdagboschservisi.com.tr\/index.php\/wp-json\/wp\/v2\/posts\/1101\/revisions"}],"predecessor-version":[{"id":1102,"href":"https:\/\/tekirdagboschservisi.com.tr\/index.php\/wp-json\/wp\/v2\/posts\/1101\/revisions\/1102"}],"wp:attachment":[{"href":"https:\/\/tekirdagboschservisi.com.tr\/index.php\/wp-json\/wp\/v2\/media?parent=1101"}],"wp:term":[{"taxonomy":"category","embeddable":true,"href":"https:\/\/tekirdagboschservisi.com.tr\/index.php\/wp-json\/wp\/v2\/categories?post=1101"},{"taxonomy":"post_tag","embeddable":true,"href":"https:\/\/tekirdagboschservisi.com.tr\/index.php\/wp-json\/wp\/v2\/tags?post=1101"}],"curies":[{"name":"wp","href":"https:\/\/api.w.org\/{rel}","templated":true}]}}