{"id":1095,"date":"2024-07-11T13:15:36","date_gmt":"2024-07-11T13:15:36","guid":{"rendered":"https:\/\/tekirdagboschservisi.com.tr\/?p=1095"},"modified":"2024-07-11T13:15:36","modified_gmt":"2024-07-11T13:15:36","slug":"profilo-klima-gurultulu-calisma-sorunu-ve-cozum-yollari","status":"publish","type":"post","link":"https:\/\/tekirdagboschservisi.com.tr\/index.php\/2024\/07\/11\/profilo-klima-gurultulu-calisma-sorunu-ve-cozum-yollari\/","title":{"rendered":"Profilo Klima G\u00fcr\u00fclt\u00fcl\u00fc \u00c7al\u0131\u015fma Sorunu ve \u00c7\u00f6z\u00fcm Yollar\u0131"},"content":{"rendered":"<p><img fetchpriority=\"high\" decoding=\"async\" class=\"alignnone size-full wp-image-353\" src=\"https:\/\/tekirdagboschservisi.com.tr\/wp-content\/uploads\/2024\/03\/Profilo-Klima-Servisi.jpg\" alt=\"Tekirda\u011f Profilo Klima Servisi 0282 263 22 96 Tekirda\u011f Profilo Klima Ar\u0131za Servisi 0282 263 22 96 Tekirda\u011f Profilo Bak\u0131m Servisi 0282 263 22 96 Tekirda\u011f Profilo Klima Montaj ve Demontaj Servisi 0282 263 22 96 Profilo Klima So\u011futmuyor Sorunu ve \u00c7\u00f6z\u00fcm Yollar\u0131 Profilo Klima Is\u0131tm\u0131yor Sorunu ve \u00c7\u00f6z\u00fcm Yollar\u0131 Profilo Klima Su S\u0131zd\u0131rma Sorunu ve \u00c7\u00f6z\u00fcm Yollar\u0131 Profilo Klima Hava Ak\u0131\u015f\u0131 Zay\u0131f Sorunu ve \u00c7\u00f6z\u00fcm Yollar\u0131 Profilo Klima G\u00fcr\u00fclt\u00fcl\u00fc \u00c7al\u0131\u015fma Sorunu ve \u00c7\u00f6z\u00fcm Yollar\u0131\" width=\"1004\" height=\"591\" srcset=\"https:\/\/tekirdagboschservisi.com.tr\/wp-content\/uploads\/2024\/03\/Profilo-Klima-Servisi.jpg 1004w, https:\/\/tekirdagboschservisi.com.tr\/wp-content\/uploads\/2024\/03\/Profilo-Klima-Servisi-300x177.jpg 300w, https:\/\/tekirdagboschservisi.com.tr\/wp-content\/uploads\/2024\/03\/Profilo-Klima-Servisi-768x452.jpg 768w\" sizes=\"(max-width: 1004px) 100vw, 1004px\" \/><\/p>\n<h2>Profilo Klima G\u00fcr\u00fclt\u00fcl\u00fc \u00c7al\u0131\u015fma Sorunu ve \u00c7\u00f6z\u00fcm Yollar\u0131<\/h2>\n<h3>G\u00fcr\u00fclt\u00fcl\u00fc \u00c7al\u0131\u015fma Sorununun Nedenleri:<\/h3>\n<p>Profilo klima g\u00fcr\u00fclt\u00fcl\u00fc \u00e7al\u0131\u015fma birka\u00e7 yayg\u0131n sorundan kaynaklanabilir. \u0130lk olarak, fan motoru ar\u0131zal\u0131 olabilir. Fan motoru, kliman\u0131n i\u00e7indeki havay\u0131 dola\u015ft\u0131r\u0131r ve ar\u0131zal\u0131 oldu\u011funda g\u00fcr\u00fclt\u00fc yapar. Ayr\u0131ca, kompres\u00f6r problemleri de g\u00fcr\u00fclt\u00fcl\u00fc \u00e7al\u0131\u015fmaya neden olabilir. Kompres\u00f6r, kliman\u0131n so\u011futma i\u015flemini ger\u00e7ekle\u015ftiren ana bile\u015fendir ve ar\u0131zaland\u0131\u011f\u0131nda g\u00fcr\u00fclt\u00fc yapabilir. Kliman\u0131n i\u00e7inde veya d\u0131\u015f\u0131nda gev\u015fek par\u00e7alar bulunabilir. Gev\u015fek par\u00e7alar, klima \u00e7al\u0131\u015f\u0131rken titre\u015fim yaparak g\u00fcr\u00fclt\u00fcye neden olabilir. Son olarak, kondanser bobinlerinin kirli olmas\u0131 da g\u00fcr\u00fclt\u00fcye neden olabilir. Bobinler tozla kapland\u0131\u011f\u0131nda, klima daha fazla \u00e7al\u0131\u015fmak zorunda kal\u0131r ve bu da g\u00fcr\u00fclt\u00fcye yol a\u00e7ar.<\/p>\n<p><strong>\u00c7\u00f6z\u00fcm Yollar\u0131:<\/strong><\/p>\n<p>G\u00fcr\u00fclt\u00fcl\u00fc \u00e7al\u0131\u015fma sorununu \u00e7\u00f6zmek i\u00e7in ilk olarak fan motorunu kontrol edin. Fan motoru ar\u0131zal\u0131ysa, de\u011fi\u015ftirilmesi gerekebilir. Fan motorunu kontrol etmek ve de\u011fi\u015ftirmek i\u00e7in kliman\u0131z\u0131n kullan\u0131m k\u0131lavuzundaki talimatlar\u0131 izleyin veya bir servis teknisyeninden yard\u0131m al\u0131n.<\/p>\n<p>\u0130kinci olarak, kompres\u00f6r\u00fc kontrol edin. Kompres\u00f6r ar\u0131zal\u0131ysa, de\u011fi\u015ftirilmesi gerekebilir. Kompres\u00f6r sorunlar\u0131n\u0131 \u00e7\u00f6zmek genellikle profesyonel yard\u0131m gerektirir, bu nedenle bir servis teknisyeninden yard\u0131m alman\u0131z en do\u011frusu olacakt\u0131r.<\/p>\n<p>\u00dc\u00e7\u00fcnc\u00fc olarak, kliman\u0131n i\u00e7inde veya d\u0131\u015f\u0131nda gev\u015fek par\u00e7alar olup olmad\u0131\u011f\u0131n\u0131 kontrol edin. Gev\u015fek par\u00e7alar\u0131 s\u0131kmak i\u00e7in bir tornavida kullanabilirsiniz. Bu par\u00e7alar\u0131 s\u0131kmak, kliman\u0131z\u0131n daha sessiz \u00e7al\u0131\u015fmas\u0131n\u0131 sa\u011flayabilir.<\/p>\n<p>Son olarak, kondanser bobinlerini temizleyin. Bobinler tozla kapland\u0131\u011f\u0131nda, klima daha fazla \u00e7al\u0131\u015fmak zorunda kal\u0131r ve bu da g\u00fcr\u00fclt\u00fcye yol a\u00e7ar. Kondanser bobinlerini temizlemek i\u00e7in bir elektrik s\u00fcp\u00fcrgesi veya yumu\u015fak bir f\u0131r\u00e7a kullanabilirsiniz. Bu i\u015flemi d\u00fczenli olarak yaparak, kliman\u0131z\u0131n daha sessiz \u00e7al\u0131\u015fmas\u0131n\u0131 sa\u011flayabilirsiniz.<\/p>\n<p><a href=\"https:\/\/tekirdagboschservisi.com.tr\/index.php\/tekirdag-profilo-klima-servisi-0282-263-22-96\/\">Profilo<\/a> kliman\u0131z\u0131n g\u00fcr\u00fclt\u00fcl\u00fc \u00e7al\u0131\u015fmas\u0131, rahats\u0131z edici olabilir ve cihaz\u0131n daha fazla enerji t\u00fcketmesine yol a\u00e7abilir. Yukar\u0131daki ad\u0131mlar\u0131 izleyerek, kliman\u0131z\u0131n g\u00fcr\u00fclt\u00fcl\u00fc \u00e7al\u0131\u015fma sorununu \u00e7\u00f6zebilir <a href=\"http:\/\/google.com.tr\">ve<\/a> cihaz\u0131n\u0131z\u0131n daha sessiz ve verimli \u00e7al\u0131\u015fmas\u0131n\u0131 sa\u011flayabilirsiniz.<\/p>\n<p><a href=\"tel:02822632296\"><img decoding=\"async\" class=\"size-full wp-image-1002 aligncenter\" src=\"https:\/\/tekirdagboschservisi.com.tr\/wp-content\/uploads\/2024\/07\/Profilo-Destek-ve-Bilgi-Merkezi.jpg\" alt=\"Profilo Destek ve Bilgi Merkezi\" width=\"567\" height=\"197\" srcset=\"https:\/\/tekirdagboschservisi.com.tr\/wp-content\/uploads\/2024\/07\/Profilo-Destek-ve-Bilgi-Merkezi.jpg 567w, https:\/\/tekirdagboschservisi.com.tr\/wp-content\/uploads\/2024\/07\/Profilo-Destek-ve-Bilgi-Merkezi-300x104.jpg 300w, https:\/\/tekirdagboschservisi.com.tr\/wp-content\/uploads\/2024\/07\/Profilo-Destek-ve-Bilgi-Merkezi-230x80.jpg 230w, https:\/\/tekirdagboschservisi.com.tr\/wp-content\/uploads\/2024\/07\/Profilo-Destek-ve-Bilgi-Merkezi-350x122.jpg 350w, https:\/\/tekirdagboschservisi.com.tr\/wp-content\/uploads\/2024\/07\/Profilo-Destek-ve-Bilgi-Merkezi-480x167.jpg 480w\" sizes=\"(max-width: 567px) 100vw, 567px\" \/><\/a><\/p>\n","protected":false},"excerpt":{"rendered":"<p>Profilo Klima G\u00fcr\u00fclt\u00fcl\u00fc \u00c7al\u0131\u015fma Sorunu ve \u00c7\u00f6z\u00fcm Yollar\u0131 G\u00fcr\u00fclt\u00fcl\u00fc \u00c7al\u0131\u015fma Sorununun Nedenleri: Profilo klima g\u00fcr\u00fclt\u00fcl\u00fc \u00e7al\u0131\u015fma birka\u00e7 yayg\u0131n sorundan kaynaklanabilir. \u0130lk olarak, fan motoru ar\u0131zal\u0131 [&hellip;]<\/p>\n","protected":false},"author":1,"featured_media":0,"comment_status":"open","ping_status":"open","sticky":false,"template":"","format":"standard","meta":{"footnotes":""},"categories":[1876],"tags":[1618,1901,1902,1900,1880,1883,1899],"class_list":["post-1095","post","type-post","status-publish","format-standard","hentry","category-profilo-klima-arizalari","tag-klima-fan-motoru-arizasi","tag-klima-gevsek-parcalar","tag-klima-gurultu-sorunu-cozumu","tag-klima-kompresor-problemi","tag-klima-kondanser-bobin-temizligi","tag-profilo-klima-arizasi","tag-profilo-klima-gurultu-yapiyor"],"yoast_head":"<!-- This site is optimized with the Yoast SEO plugin v27.5 - https:\/\/yoast.com\/product\/yoast-seo-wordpress\/ -->\n<title>Profilo Klima G\u00fcr\u00fclt\u00fcl\u00fc \u00c7al\u0131\u015fma Sorunu ve \u00c7\u00f6z\u00fcm Yollar\u0131 - Tekirda\u011f Bosch Servisi<\/title>\n<meta name=\"description\" content=\"Profilo klima g\u00fcr\u00fclt\u00fcl\u00fc \u00e7al\u0131\u015fma birka\u00e7 yayg\u0131n sorundan kaynaklanabilir. \u0130lk olarak, fan motoru ar\u0131zal\u0131 olabilir. Fan motoru, kliman\u0131n...\" \/>\n<meta name=\"robots\" content=\"index, follow, max-snippet:-1, max-image-preview:large, max-video-preview:-1\" \/>\n<link rel=\"canonical\" href=\"https:\/\/tekirdagboschservisi.com.tr\/index.php\/2024\/07\/11\/profilo-klima-gurultulu-calisma-sorunu-ve-cozum-yollari\/\" \/>\n<meta property=\"og:locale\" content=\"tr_TR\" \/>\n<meta property=\"og:type\" content=\"article\" \/>\n<meta property=\"og:title\" content=\"Profilo Klima G\u00fcr\u00fclt\u00fcl\u00fc \u00c7al\u0131\u015fma Sorunu ve \u00c7\u00f6z\u00fcm Yollar\u0131 - Tekirda\u011f Bosch Servisi\" \/>\n<meta property=\"og:description\" content=\"Profilo klima g\u00fcr\u00fclt\u00fcl\u00fc \u00e7al\u0131\u015fma birka\u00e7 yayg\u0131n sorundan kaynaklanabilir. \u0130lk olarak, fan motoru ar\u0131zal\u0131 olabilir. Fan motoru, kliman\u0131n...\" \/>\n<meta property=\"og:url\" content=\"https:\/\/tekirdagboschservisi.com.tr\/index.php\/2024\/07\/11\/profilo-klima-gurultulu-calisma-sorunu-ve-cozum-yollari\/\" \/>\n<meta property=\"og:site_name\" content=\"Tekirda\u011f Bosch Servisi\" \/>\n<meta property=\"article:published_time\" content=\"2024-07-11T13:15:36+00:00\" \/>\n<meta property=\"og:image\" content=\"https:\/\/tekirdagboschservisi.com.tr\/wp-content\/uploads\/2024\/03\/Profilo-Klima-Servisi.jpg\" \/>\n<meta name=\"author\" content=\"admin\" \/>\n<meta name=\"twitter:card\" content=\"summary_large_image\" \/>\n<meta name=\"twitter:label1\" content=\"Yazan:\" \/>\n\t<meta name=\"twitter:data1\" content=\"admin\" \/>\n\t<meta name=\"twitter:label2\" content=\"Tahmini okuma s\u00fcresi\" \/>\n\t<meta name=\"twitter:data2\" content=\"2 dakika\" \/>\n<script type=\"application\/ld+json\" class=\"yoast-schema-graph\">{\"@context\":\"https:\\\/\\\/schema.org\",\"@graph\":[{\"@type\":\"Article\",\"@id\":\"https:\\\/\\\/tekirdagboschservisi.com.tr\\\/index.php\\\/2024\\\/07\\\/11\\\/profilo-klima-gurultulu-calisma-sorunu-ve-cozum-yollari\\\/#article\",\"isPartOf\":{\"@id\":\"https:\\\/\\\/tekirdagboschservisi.com.tr\\\/index.php\\\/2024\\\/07\\\/11\\\/profilo-klima-gurultulu-calisma-sorunu-ve-cozum-yollari\\\/\"},\"author\":{\"name\":\"admin\",\"@id\":\"https:\\\/\\\/tekirdagboschservisi.com.tr\\\/#\\\/schema\\\/person\\\/edc9799f1a76b681707496086fab3ebe\"},\"headline\":\"Profilo Klima G\u00fcr\u00fclt\u00fcl\u00fc \u00c7al\u0131\u015fma Sorunu ve \u00c7\u00f6z\u00fcm Yollar\u0131\",\"datePublished\":\"2024-07-11T13:15:36+00:00\",\"mainEntityOfPage\":{\"@id\":\"https:\\\/\\\/tekirdagboschservisi.com.tr\\\/index.php\\\/2024\\\/07\\\/11\\\/profilo-klima-gurultulu-calisma-sorunu-ve-cozum-yollari\\\/\"},\"wordCount\":428,\"commentCount\":0,\"publisher\":{\"@id\":\"https:\\\/\\\/tekirdagboschservisi.com.tr\\\/#organization\"},\"image\":{\"@id\":\"https:\\\/\\\/tekirdagboschservisi.com.tr\\\/index.php\\\/2024\\\/07\\\/11\\\/profilo-klima-gurultulu-calisma-sorunu-ve-cozum-yollari\\\/#primaryimage\"},\"thumbnailUrl\":\"https:\\\/\\\/tekirdagboschservisi.com.tr\\\/wp-content\\\/uploads\\\/2024\\\/03\\\/Profilo-Klima-Servisi.jpg\",\"keywords\":[\"klima fan motoru ar\u0131zas\u0131\",\"klima gev\u015fek par\u00e7alar\",\"klima g\u00fcr\u00fclt\u00fc sorunu \u00e7\u00f6z\u00fcm\u00fc\",\"klima kompres\u00f6r problemi\",\"klima kondanser bobin temizli\u011fi\",\"Profilo klima ar\u0131zas\u0131\",\"Profilo klima g\u00fcr\u00fclt\u00fc yap\u0131yor\"],\"articleSection\":[\"Profilo Klima Ar\u0131zalar\u0131\"],\"inLanguage\":\"tr\",\"potentialAction\":[{\"@type\":\"CommentAction\",\"name\":\"Comment\",\"target\":[\"https:\\\/\\\/tekirdagboschservisi.com.tr\\\/index.php\\\/2024\\\/07\\\/11\\\/profilo-klima-gurultulu-calisma-sorunu-ve-cozum-yollari\\\/#respond\"]}]},{\"@type\":\"WebPage\",\"@id\":\"https:\\\/\\\/tekirdagboschservisi.com.tr\\\/index.php\\\/2024\\\/07\\\/11\\\/profilo-klima-gurultulu-calisma-sorunu-ve-cozum-yollari\\\/\",\"url\":\"https:\\\/\\\/tekirdagboschservisi.com.tr\\\/index.php\\\/2024\\\/07\\\/11\\\/profilo-klima-gurultulu-calisma-sorunu-ve-cozum-yollari\\\/\",\"name\":\"Profilo Klima G\u00fcr\u00fclt\u00fcl\u00fc \u00c7al\u0131\u015fma Sorunu ve \u00c7\u00f6z\u00fcm Yollar\u0131 - Tekirda\u011f Bosch Servisi\",\"isPartOf\":{\"@id\":\"https:\\\/\\\/tekirdagboschservisi.com.tr\\\/#website\"},\"primaryImageOfPage\":{\"@id\":\"https:\\\/\\\/tekirdagboschservisi.com.tr\\\/index.php\\\/2024\\\/07\\\/11\\\/profilo-klima-gurultulu-calisma-sorunu-ve-cozum-yollari\\\/#primaryimage\"},\"image\":{\"@id\":\"https:\\\/\\\/tekirdagboschservisi.com.tr\\\/index.php\\\/2024\\\/07\\\/11\\\/profilo-klima-gurultulu-calisma-sorunu-ve-cozum-yollari\\\/#primaryimage\"},\"thumbnailUrl\":\"https:\\\/\\\/tekirdagboschservisi.com.tr\\\/wp-content\\\/uploads\\\/2024\\\/03\\\/Profilo-Klima-Servisi.jpg\",\"datePublished\":\"2024-07-11T13:15:36+00:00\",\"description\":\"Profilo klima g\u00fcr\u00fclt\u00fcl\u00fc \u00e7al\u0131\u015fma birka\u00e7 yayg\u0131n sorundan kaynaklanabilir. \u0130lk olarak, fan motoru ar\u0131zal\u0131 olabilir. Fan motoru, kliman\u0131n...\",\"breadcrumb\":{\"@id\":\"https:\\\/\\\/tekirdagboschservisi.com.tr\\\/index.php\\\/2024\\\/07\\\/11\\\/profilo-klima-gurultulu-calisma-sorunu-ve-cozum-yollari\\\/#breadcrumb\"},\"inLanguage\":\"tr\",\"potentialAction\":[{\"@type\":\"ReadAction\",\"target\":[\"https:\\\/\\\/tekirdagboschservisi.com.tr\\\/index.php\\\/2024\\\/07\\\/11\\\/profilo-klima-gurultulu-calisma-sorunu-ve-cozum-yollari\\\/\"]}]},{\"@type\":\"ImageObject\",\"inLanguage\":\"tr\",\"@id\":\"https:\\\/\\\/tekirdagboschservisi.com.tr\\\/index.php\\\/2024\\\/07\\\/11\\\/profilo-klima-gurultulu-calisma-sorunu-ve-cozum-yollari\\\/#primaryimage\",\"url\":\"https:\\\/\\\/tekirdagboschservisi.com.tr\\\/wp-content\\\/uploads\\\/2024\\\/03\\\/Profilo-Klima-Servisi.jpg\",\"contentUrl\":\"https:\\\/\\\/tekirdagboschservisi.com.tr\\\/wp-content\\\/uploads\\\/2024\\\/03\\\/Profilo-Klima-Servisi.jpg\",\"width\":1004,\"height\":591,\"caption\":\"Tekirda\u011f Profilo Klima Servisi 0282 263 22 96 Tekirda\u011f Profilo Klima Ar\u0131za Servisi 0282 263 22 96 Tekirda\u011f Profilo Bak\u0131m Servisi 0282 263 22 96 Tekirda\u011f Profilo Klima Montaj ve Demontaj Servisi 0282 263 22 96 Profilo Klima So\u011futmuyor Sorunu ve \u00c7\u00f6z\u00fcm Yollar\u0131 Profilo Klima Is\u0131tm\u0131yor Sorunu ve \u00c7\u00f6z\u00fcm Yollar\u0131 Profilo Klima Su S\u0131zd\u0131rma Sorunu ve \u00c7\u00f6z\u00fcm Yollar\u0131 Profilo Klima Hava Ak\u0131\u015f\u0131 Zay\u0131f Sorunu ve \u00c7\u00f6z\u00fcm Yollar\u0131 Profilo Klima G\u00fcr\u00fclt\u00fcl\u00fc \u00c7al\u0131\u015fma Sorunu ve \u00c7\u00f6z\u00fcm Yollar\u0131 Profilo Klima Koku Yapma Sorunu ve \u00c7\u00f6z\u00fcm Yollar\u0131 Profilo Klima Uzaktan Kumanda Sorunu ve \u00c7\u00f6z\u00fcm Yollar\u0131 Profilo Klima Elektrik Sorunu ve \u00c7\u00f6z\u00fcm Yollar\u0131\"},{\"@type\":\"BreadcrumbList\",\"@id\":\"https:\\\/\\\/tekirdagboschservisi.com.tr\\\/index.php\\\/2024\\\/07\\\/11\\\/profilo-klima-gurultulu-calisma-sorunu-ve-cozum-yollari\\\/#breadcrumb\",\"itemListElement\":[{\"@type\":\"ListItem\",\"position\":1,\"name\":\"Anasayfa\",\"item\":\"https:\\\/\\\/tekirdagboschservisi.com.tr\\\/\"},{\"@type\":\"ListItem\",\"position\":2,\"name\":\"Profilo Klima G\u00fcr\u00fclt\u00fcl\u00fc \u00c7al\u0131\u015fma Sorunu ve \u00c7\u00f6z\u00fcm Yollar\u0131\"}]},{\"@type\":\"WebSite\",\"@id\":\"https:\\\/\\\/tekirdagboschservisi.com.tr\\\/#website\",\"url\":\"https:\\\/\\\/tekirdagboschservisi.com.tr\\\/\",\"name\":\"Tekirda\u011f Bosch Servisi\",\"description\":\"0282 263 22 96\",\"publisher\":{\"@id\":\"https:\\\/\\\/tekirdagboschservisi.com.tr\\\/#organization\"},\"potentialAction\":[{\"@type\":\"SearchAction\",\"target\":{\"@type\":\"EntryPoint\",\"urlTemplate\":\"https:\\\/\\\/tekirdagboschservisi.com.tr\\\/?s={search_term_string}\"},\"query-input\":{\"@type\":\"PropertyValueSpecification\",\"valueRequired\":true,\"valueName\":\"search_term_string\"}}],\"inLanguage\":\"tr\"},{\"@type\":\"Organization\",\"@id\":\"https:\\\/\\\/tekirdagboschservisi.com.tr\\\/#organization\",\"name\":\"Tekirda\u011f Bosch Servisi\",\"url\":\"https:\\\/\\\/tekirdagboschservisi.com.tr\\\/\",\"logo\":{\"@type\":\"ImageObject\",\"inLanguage\":\"tr\",\"@id\":\"https:\\\/\\\/tekirdagboschservisi.com.tr\\\/#\\\/schema\\\/logo\\\/image\\\/\",\"url\":\"https:\\\/\\\/tekirdagboschservisi.com.tr\\\/wp-content\\\/uploads\\\/2024\\\/03\\\/7502c4fab3c11f90ed12b06b5e7b138d-1.jpg\",\"contentUrl\":\"https:\\\/\\\/tekirdagboschservisi.com.tr\\\/wp-content\\\/uploads\\\/2024\\\/03\\\/7502c4fab3c11f90ed12b06b5e7b138d-1.jpg\",\"width\":250,\"height\":92,\"caption\":\"Tekirda\u011f Bosch Servisi\"},\"image\":{\"@id\":\"https:\\\/\\\/tekirdagboschservisi.com.tr\\\/#\\\/schema\\\/logo\\\/image\\\/\"}},{\"@type\":\"Person\",\"@id\":\"https:\\\/\\\/tekirdagboschservisi.com.tr\\\/#\\\/schema\\\/person\\\/edc9799f1a76b681707496086fab3ebe\",\"name\":\"admin\",\"image\":{\"@type\":\"ImageObject\",\"inLanguage\":\"tr\",\"@id\":\"https:\\\/\\\/secure.gravatar.com\\\/avatar\\\/db70c2b6f6e9a750c63863236e8b79698035aa5b561aef5deda998a2b8dbe5b4?s=96&d=mm&r=g\",\"url\":\"https:\\\/\\\/secure.gravatar.com\\\/avatar\\\/db70c2b6f6e9a750c63863236e8b79698035aa5b561aef5deda998a2b8dbe5b4?s=96&d=mm&r=g\",\"contentUrl\":\"https:\\\/\\\/secure.gravatar.com\\\/avatar\\\/db70c2b6f6e9a750c63863236e8b79698035aa5b561aef5deda998a2b8dbe5b4?s=96&d=mm&r=g\",\"caption\":\"admin\"},\"sameAs\":[\"https:\\\/\\\/tekirdagboschservisi.com.tr\"],\"url\":\"https:\\\/\\\/tekirdagboschservisi.com.tr\\\/index.php\\\/author\\\/bosch-tekirdag\\\/\"}]}<\/script>\n<!-- \/ Yoast SEO plugin. -->","yoast_head_json":{"title":"Profilo Klima G\u00fcr\u00fclt\u00fcl\u00fc \u00c7al\u0131\u015fma Sorunu ve \u00c7\u00f6z\u00fcm Yollar\u0131 - Tekirda\u011f Bosch Servisi","description":"Profilo klima g\u00fcr\u00fclt\u00fcl\u00fc \u00e7al\u0131\u015fma birka\u00e7 yayg\u0131n sorundan kaynaklanabilir. \u0130lk olarak, fan motoru ar\u0131zal\u0131 olabilir. Fan motoru, kliman\u0131n...","robots":{"index":"index","follow":"follow","max-snippet":"max-snippet:-1","max-image-preview":"max-image-preview:large","max-video-preview":"max-video-preview:-1"},"canonical":"https:\/\/tekirdagboschservisi.com.tr\/index.php\/2024\/07\/11\/profilo-klima-gurultulu-calisma-sorunu-ve-cozum-yollari\/","og_locale":"tr_TR","og_type":"article","og_title":"Profilo Klima G\u00fcr\u00fclt\u00fcl\u00fc \u00c7al\u0131\u015fma Sorunu ve \u00c7\u00f6z\u00fcm Yollar\u0131 - Tekirda\u011f Bosch Servisi","og_description":"Profilo klima g\u00fcr\u00fclt\u00fcl\u00fc \u00e7al\u0131\u015fma birka\u00e7 yayg\u0131n sorundan kaynaklanabilir. \u0130lk olarak, fan motoru ar\u0131zal\u0131 olabilir. Fan motoru, kliman\u0131n...","og_url":"https:\/\/tekirdagboschservisi.com.tr\/index.php\/2024\/07\/11\/profilo-klima-gurultulu-calisma-sorunu-ve-cozum-yollari\/","og_site_name":"Tekirda\u011f Bosch Servisi","article_published_time":"2024-07-11T13:15:36+00:00","og_image":[{"url":"https:\/\/tekirdagboschservisi.com.tr\/wp-content\/uploads\/2024\/03\/Profilo-Klima-Servisi.jpg","type":"","width":"","height":""}],"author":"admin","twitter_card":"summary_large_image","twitter_misc":{"Yazan:":"admin","Tahmini okuma s\u00fcresi":"2 dakika"},"schema":{"@context":"https:\/\/schema.org","@graph":[{"@type":"Article","@id":"https:\/\/tekirdagboschservisi.com.tr\/index.php\/2024\/07\/11\/profilo-klima-gurultulu-calisma-sorunu-ve-cozum-yollari\/#article","isPartOf":{"@id":"https:\/\/tekirdagboschservisi.com.tr\/index.php\/2024\/07\/11\/profilo-klima-gurultulu-calisma-sorunu-ve-cozum-yollari\/"},"author":{"name":"admin","@id":"https:\/\/tekirdagboschservisi.com.tr\/#\/schema\/person\/edc9799f1a76b681707496086fab3ebe"},"headline":"Profilo Klima G\u00fcr\u00fclt\u00fcl\u00fc \u00c7al\u0131\u015fma Sorunu ve \u00c7\u00f6z\u00fcm Yollar\u0131","datePublished":"2024-07-11T13:15:36+00:00","mainEntityOfPage":{"@id":"https:\/\/tekirdagboschservisi.com.tr\/index.php\/2024\/07\/11\/profilo-klima-gurultulu-calisma-sorunu-ve-cozum-yollari\/"},"wordCount":428,"commentCount":0,"publisher":{"@id":"https:\/\/tekirdagboschservisi.com.tr\/#organization"},"image":{"@id":"https:\/\/tekirdagboschservisi.com.tr\/index.php\/2024\/07\/11\/profilo-klima-gurultulu-calisma-sorunu-ve-cozum-yollari\/#primaryimage"},"thumbnailUrl":"https:\/\/tekirdagboschservisi.com.tr\/wp-content\/uploads\/2024\/03\/Profilo-Klima-Servisi.jpg","keywords":["klima fan motoru ar\u0131zas\u0131","klima gev\u015fek par\u00e7alar","klima g\u00fcr\u00fclt\u00fc sorunu \u00e7\u00f6z\u00fcm\u00fc","klima kompres\u00f6r problemi","klima kondanser bobin temizli\u011fi","Profilo klima ar\u0131zas\u0131","Profilo klima g\u00fcr\u00fclt\u00fc yap\u0131yor"],"articleSection":["Profilo Klima Ar\u0131zalar\u0131"],"inLanguage":"tr","potentialAction":[{"@type":"CommentAction","name":"Comment","target":["https:\/\/tekirdagboschservisi.com.tr\/index.php\/2024\/07\/11\/profilo-klima-gurultulu-calisma-sorunu-ve-cozum-yollari\/#respond"]}]},{"@type":"WebPage","@id":"https:\/\/tekirdagboschservisi.com.tr\/index.php\/2024\/07\/11\/profilo-klima-gurultulu-calisma-sorunu-ve-cozum-yollari\/","url":"https:\/\/tekirdagboschservisi.com.tr\/index.php\/2024\/07\/11\/profilo-klima-gurultulu-calisma-sorunu-ve-cozum-yollari\/","name":"Profilo Klima G\u00fcr\u00fclt\u00fcl\u00fc \u00c7al\u0131\u015fma Sorunu ve \u00c7\u00f6z\u00fcm Yollar\u0131 - Tekirda\u011f Bosch Servisi","isPartOf":{"@id":"https:\/\/tekirdagboschservisi.com.tr\/#website"},"primaryImageOfPage":{"@id":"https:\/\/tekirdagboschservisi.com.tr\/index.php\/2024\/07\/11\/profilo-klima-gurultulu-calisma-sorunu-ve-cozum-yollari\/#primaryimage"},"image":{"@id":"https:\/\/tekirdagboschservisi.com.tr\/index.php\/2024\/07\/11\/profilo-klima-gurultulu-calisma-sorunu-ve-cozum-yollari\/#primaryimage"},"thumbnailUrl":"https:\/\/tekirdagboschservisi.com.tr\/wp-content\/uploads\/2024\/03\/Profilo-Klima-Servisi.jpg","datePublished":"2024-07-11T13:15:36+00:00","description":"Profilo klima g\u00fcr\u00fclt\u00fcl\u00fc \u00e7al\u0131\u015fma birka\u00e7 yayg\u0131n sorundan kaynaklanabilir. \u0130lk olarak, fan motoru ar\u0131zal\u0131 olabilir. Fan motoru, kliman\u0131n...","breadcrumb":{"@id":"https:\/\/tekirdagboschservisi.com.tr\/index.php\/2024\/07\/11\/profilo-klima-gurultulu-calisma-sorunu-ve-cozum-yollari\/#breadcrumb"},"inLanguage":"tr","potentialAction":[{"@type":"ReadAction","target":["https:\/\/tekirdagboschservisi.com.tr\/index.php\/2024\/07\/11\/profilo-klima-gurultulu-calisma-sorunu-ve-cozum-yollari\/"]}]},{"@type":"ImageObject","inLanguage":"tr","@id":"https:\/\/tekirdagboschservisi.com.tr\/index.php\/2024\/07\/11\/profilo-klima-gurultulu-calisma-sorunu-ve-cozum-yollari\/#primaryimage","url":"https:\/\/tekirdagboschservisi.com.tr\/wp-content\/uploads\/2024\/03\/Profilo-Klima-Servisi.jpg","contentUrl":"https:\/\/tekirdagboschservisi.com.tr\/wp-content\/uploads\/2024\/03\/Profilo-Klima-Servisi.jpg","width":1004,"height":591,"caption":"Tekirda\u011f Profilo Klima Servisi 0282 263 22 96 Tekirda\u011f Profilo Klima Ar\u0131za Servisi 0282 263 22 96 Tekirda\u011f Profilo Bak\u0131m Servisi 0282 263 22 96 Tekirda\u011f Profilo Klima Montaj ve Demontaj Servisi 0282 263 22 96 Profilo Klima So\u011futmuyor Sorunu ve \u00c7\u00f6z\u00fcm Yollar\u0131 Profilo Klima Is\u0131tm\u0131yor Sorunu ve \u00c7\u00f6z\u00fcm Yollar\u0131 Profilo Klima Su S\u0131zd\u0131rma Sorunu ve \u00c7\u00f6z\u00fcm Yollar\u0131 Profilo Klima Hava Ak\u0131\u015f\u0131 Zay\u0131f Sorunu ve \u00c7\u00f6z\u00fcm Yollar\u0131 Profilo Klima G\u00fcr\u00fclt\u00fcl\u00fc \u00c7al\u0131\u015fma Sorunu ve \u00c7\u00f6z\u00fcm Yollar\u0131 Profilo Klima Koku Yapma Sorunu ve \u00c7\u00f6z\u00fcm Yollar\u0131 Profilo Klima Uzaktan Kumanda Sorunu ve \u00c7\u00f6z\u00fcm Yollar\u0131 Profilo Klima Elektrik Sorunu ve \u00c7\u00f6z\u00fcm Yollar\u0131"},{"@type":"BreadcrumbList","@id":"https:\/\/tekirdagboschservisi.com.tr\/index.php\/2024\/07\/11\/profilo-klima-gurultulu-calisma-sorunu-ve-cozum-yollari\/#breadcrumb","itemListElement":[{"@type":"ListItem","position":1,"name":"Anasayfa","item":"https:\/\/tekirdagboschservisi.com.tr\/"},{"@type":"ListItem","position":2,"name":"Profilo Klima G\u00fcr\u00fclt\u00fcl\u00fc \u00c7al\u0131\u015fma Sorunu ve \u00c7\u00f6z\u00fcm Yollar\u0131"}]},{"@type":"WebSite","@id":"https:\/\/tekirdagboschservisi.com.tr\/#website","url":"https:\/\/tekirdagboschservisi.com.tr\/","name":"Tekirda\u011f Bosch Servisi","description":"0282 263 22 96","publisher":{"@id":"https:\/\/tekirdagboschservisi.com.tr\/#organization"},"potentialAction":[{"@type":"SearchAction","target":{"@type":"EntryPoint","urlTemplate":"https:\/\/tekirdagboschservisi.com.tr\/?s={search_term_string}"},"query-input":{"@type":"PropertyValueSpecification","valueRequired":true,"valueName":"search_term_string"}}],"inLanguage":"tr"},{"@type":"Organization","@id":"https:\/\/tekirdagboschservisi.com.tr\/#organization","name":"Tekirda\u011f Bosch Servisi","url":"https:\/\/tekirdagboschservisi.com.tr\/","logo":{"@type":"ImageObject","inLanguage":"tr","@id":"https:\/\/tekirdagboschservisi.com.tr\/#\/schema\/logo\/image\/","url":"https:\/\/tekirdagboschservisi.com.tr\/wp-content\/uploads\/2024\/03\/7502c4fab3c11f90ed12b06b5e7b138d-1.jpg","contentUrl":"https:\/\/tekirdagboschservisi.com.tr\/wp-content\/uploads\/2024\/03\/7502c4fab3c11f90ed12b06b5e7b138d-1.jpg","width":250,"height":92,"caption":"Tekirda\u011f Bosch Servisi"},"image":{"@id":"https:\/\/tekirdagboschservisi.com.tr\/#\/schema\/logo\/image\/"}},{"@type":"Person","@id":"https:\/\/tekirdagboschservisi.com.tr\/#\/schema\/person\/edc9799f1a76b681707496086fab3ebe","name":"admin","image":{"@type":"ImageObject","inLanguage":"tr","@id":"https:\/\/secure.gravatar.com\/avatar\/db70c2b6f6e9a750c63863236e8b79698035aa5b561aef5deda998a2b8dbe5b4?s=96&d=mm&r=g","url":"https:\/\/secure.gravatar.com\/avatar\/db70c2b6f6e9a750c63863236e8b79698035aa5b561aef5deda998a2b8dbe5b4?s=96&d=mm&r=g","contentUrl":"https:\/\/secure.gravatar.com\/avatar\/db70c2b6f6e9a750c63863236e8b79698035aa5b561aef5deda998a2b8dbe5b4?s=96&d=mm&r=g","caption":"admin"},"sameAs":["https:\/\/tekirdagboschservisi.com.tr"],"url":"https:\/\/tekirdagboschservisi.com.tr\/index.php\/author\/bosch-tekirdag\/"}]}},"_links":{"self":[{"href":"https:\/\/tekirdagboschservisi.com.tr\/index.php\/wp-json\/wp\/v2\/posts\/1095","targetHints":{"allow":["GET"]}}],"collection":[{"href":"https:\/\/tekirdagboschservisi.com.tr\/index.php\/wp-json\/wp\/v2\/posts"}],"about":[{"href":"https:\/\/tekirdagboschservisi.com.tr\/index.php\/wp-json\/wp\/v2\/types\/post"}],"author":[{"embeddable":true,"href":"https:\/\/tekirdagboschservisi.com.tr\/index.php\/wp-json\/wp\/v2\/users\/1"}],"replies":[{"embeddable":true,"href":"https:\/\/tekirdagboschservisi.com.tr\/index.php\/wp-json\/wp\/v2\/comments?post=1095"}],"version-history":[{"count":1,"href":"https:\/\/tekirdagboschservisi.com.tr\/index.php\/wp-json\/wp\/v2\/posts\/1095\/revisions"}],"predecessor-version":[{"id":1096,"href":"https:\/\/tekirdagboschservisi.com.tr\/index.php\/wp-json\/wp\/v2\/posts\/1095\/revisions\/1096"}],"wp:attachment":[{"href":"https:\/\/tekirdagboschservisi.com.tr\/index.php\/wp-json\/wp\/v2\/media?parent=1095"}],"wp:term":[{"taxonomy":"category","embeddable":true,"href":"https:\/\/tekirdagboschservisi.com.tr\/index.php\/wp-json\/wp\/v2\/categories?post=1095"},{"taxonomy":"post_tag","embeddable":true,"href":"https:\/\/tekirdagboschservisi.com.tr\/index.php\/wp-json\/wp\/v2\/tags?post=1095"}],"curies":[{"name":"wp","href":"https:\/\/api.w.org\/{rel}","templated":true}]}}