{"id":1042,"date":"2024-07-10T16:29:43","date_gmt":"2024-07-10T16:29:43","guid":{"rendered":"https:\/\/tekirdagboschservisi.com.tr\/?p=1042"},"modified":"2024-07-10T16:29:43","modified_gmt":"2024-07-10T16:29:43","slug":"profilo-bulasik-makinesi-kapi-kapanmama-sorunu-ve-cozum-yollari","status":"publish","type":"post","link":"https:\/\/tekirdagboschservisi.com.tr\/index.php\/2024\/07\/10\/profilo-bulasik-makinesi-kapi-kapanmama-sorunu-ve-cozum-yollari\/","title":{"rendered":"Profilo Bula\u015f\u0131k Makinesi Kap\u0131 Kapanmama Sorunu ve \u00c7\u00f6z\u00fcm Yollar\u0131"},"content":{"rendered":"<p><img fetchpriority=\"high\" decoding=\"async\" class=\"alignnone size-full wp-image-350\" src=\"https:\/\/tekirdagboschservisi.com.tr\/wp-content\/uploads\/2024\/03\/Profilo-Bulasik-Makinesi-Servisi.jpg\" alt=\"Tekirda\u011f Profilo Bula\u015f\u0131k Makinesi Servisi 0282 263 22 96 Profilo Bula\u015f\u0131k Makinesi Elektrik Sorunu ve \u00c7\u00f6z\u00fcm Yollar\u0131 Profilo Bula\u015f\u0131k Makinesi Deterjan Al\u0131c\u0131 Sorunu ve \u00c7\u00f6z\u00fcm Yollar\u0131 Profilo Bula\u015f\u0131k Makinesi Kap\u0131 Kapanmama Sorunu ve \u00c7\u00f6z\u00fcm Yollar\u0131\" width=\"1004\" height=\"591\" srcset=\"https:\/\/tekirdagboschservisi.com.tr\/wp-content\/uploads\/2024\/03\/Profilo-Bulasik-Makinesi-Servisi.jpg 1004w, https:\/\/tekirdagboschservisi.com.tr\/wp-content\/uploads\/2024\/03\/Profilo-Bulasik-Makinesi-Servisi-300x177.jpg 300w, https:\/\/tekirdagboschservisi.com.tr\/wp-content\/uploads\/2024\/03\/Profilo-Bulasik-Makinesi-Servisi-768x452.jpg 768w\" sizes=\"(max-width: 1004px) 100vw, 1004px\" \/><\/p>\n<h2>Profilo Bula\u015f\u0131k Makinesi Kap\u0131 Kapanmama Sorunu ve \u00c7\u00f6z\u00fcm Yollar\u0131<\/h2>\n<h3>Kap\u0131 Kapanmama Sorununun Nedenleri:<\/h3>\n<p>Profilo bula\u015f\u0131k makinesi kap\u0131 kapanm\u0131yorsa, bu birka\u00e7 yayg\u0131n sorundan kaynaklanabilir. \u0130lk olarak, kap\u0131 contas\u0131 a\u015f\u0131nm\u0131\u015f veya hasar g\u00f6rm\u00fc\u015f olabilir. Kap\u0131 contas\u0131, suyun d\u0131\u015far\u0131 s\u0131zmas\u0131n\u0131 engeller ve a\u015f\u0131nd\u0131\u011f\u0131nda kap\u0131 tam olarak kapanmaz. Ayr\u0131ca, mente\u015fe veya kap\u0131 kilidi ar\u0131zal\u0131 olabilir. Mente\u015fe veya kilit d\u00fczg\u00fcn \u00e7al\u0131\u015fmad\u0131\u011f\u0131nda, kap\u0131 kapanmaz. Bula\u015f\u0131k makinesinin i\u00e7indeki raflar veya bula\u015f\u0131klar kap\u0131n\u0131n kapanmas\u0131n\u0131 engelliyor olabilir. Yanl\u0131\u015f y\u00fckleme, kap\u0131n\u0131n d\u00fczg\u00fcn bir \u015fekilde kapanmas\u0131n\u0131 engelleyebilir. Son olarak, makinenin ayaklar\u0131 d\u00fczg\u00fcn yerle\u015ftirilmemi\u015f olabilir. Makinenin ayaklar\u0131 d\u00fczg\u00fcn yerle\u015ftirilmemi\u015fse, kap\u0131 kapanmaz.<\/p>\n<p><strong>\u00c7\u00f6z\u00fcm Yollar\u0131:<\/strong><\/p>\n<p>Kap\u0131 kapanmama sorununu \u00e7\u00f6zmek i\u00e7in ilk olarak kap\u0131 contalar\u0131n\u0131 kontrol edin. Contalar a\u015f\u0131nm\u0131\u015f veya hasar g\u00f6rm\u00fc\u015fse, yenileriyle de\u011fi\u015ftirin. Kap\u0131 contalar\u0131n\u0131 de\u011fi\u015ftirmek olduk\u00e7a basittir ve buzdolab\u0131n\u0131z\u0131n kullan\u0131m k\u0131lavuzunda nas\u0131l yap\u0131ld\u0131\u011f\u0131na dair talimatlar bulunabilir. E\u011fer bu i\u015flemi kendiniz yapmak istemiyorsan\u0131z, bir servis teknisyeninden yard\u0131m alabilirsiniz.<\/p>\n<p>\u0130kinci olarak, mente\u015feleri ve kap\u0131 kilidini kontrol edin. Mente\u015fe veya kilit d\u00fczg\u00fcn \u00e7al\u0131\u015fm\u0131yorsa, de\u011fi\u015ftirmeniz gerekebilir. Kap\u0131 kilidini de\u011fi\u015ftirmek i\u00e7in makinenizin kullan\u0131m k\u0131lavuzundaki talimatlar\u0131 izleyin veya bir servis teknisyeninden yard\u0131m al\u0131n.<\/p>\n<p>\u00dc\u00e7\u00fcnc\u00fc olarak, bula\u015f\u0131k makinesinin i\u00e7indeki raflar\u0131 ve bula\u015f\u0131klar\u0131 d\u00fczenleyin. Raflar ve bula\u015f\u0131klar kap\u0131n\u0131n kapanmas\u0131n\u0131 engelliyor olabilir. Raflar\u0131 ve bula\u015f\u0131klar\u0131 d\u00fczenli bir \u015fekilde yerle\u015ftirerek bu sorunu \u00e7\u00f6zebilirsiniz.<\/p>\n<p>Son olarak, makinenin ayaklar\u0131n\u0131 kontrol edin. Ayaklar\u0131n d\u00fczg\u00fcn yerle\u015ftirilmi\u015f ve sabitlenmi\u015f oldu\u011fundan emin olun. Makinenin ayaklar\u0131n\u0131 ayarlayarak, d\u00fczg\u00fcn ve sabit bir \u015fekilde durmas\u0131n\u0131 sa\u011flayabilirsiniz.<\/p>\n<p><a href=\"https:\/\/tekirdagboschservisi.com.tr\/index.php\/tekirdag-profilo-bulasik-makinesi-servisi-0282-263-22-96\/\">Profilo<\/a> bula\u015f\u0131k makinenizin kap\u0131s\u0131n\u0131n d\u00fczg\u00fcn kapanmamas\u0131, enerji verimlili\u011fini d\u00fc\u015f\u00fcrerek daha y\u00fcksek enerji faturalar\u0131na yol a\u00e7abilir. Bu nedenle, bu sorunu en k\u0131sa s\u00fcrede \u00e7\u00f6zmek \u00f6nemlidir. Yukar\u0131daki ad\u0131mlar\u0131 izleyerek<a href=\"http:\/\/google.com.tr\">,<\/a> bula\u015f\u0131k makinenizin kap\u0131 kapanmama sorununu \u00e7\u00f6zebilir ve cihaz\u0131n\u0131z\u0131n verimli \u00e7al\u0131\u015fmas\u0131n\u0131 sa\u011flayabilirsiniz.<\/p>\n<p><a href=\"tel:02822632296\"><img decoding=\"async\" class=\"size-full wp-image-1002 aligncenter\" src=\"https:\/\/tekirdagboschservisi.com.tr\/wp-content\/uploads\/2024\/07\/Profilo-Destek-ve-Bilgi-Merkezi.jpg\" alt=\"Profilo Destek ve Bilgi Merkezi\" width=\"567\" height=\"197\" srcset=\"https:\/\/tekirdagboschservisi.com.tr\/wp-content\/uploads\/2024\/07\/Profilo-Destek-ve-Bilgi-Merkezi.jpg 567w, https:\/\/tekirdagboschservisi.com.tr\/wp-content\/uploads\/2024\/07\/Profilo-Destek-ve-Bilgi-Merkezi-300x104.jpg 300w, https:\/\/tekirdagboschservisi.com.tr\/wp-content\/uploads\/2024\/07\/Profilo-Destek-ve-Bilgi-Merkezi-230x80.jpg 230w, https:\/\/tekirdagboschservisi.com.tr\/wp-content\/uploads\/2024\/07\/Profilo-Destek-ve-Bilgi-Merkezi-350x122.jpg 350w, https:\/\/tekirdagboschservisi.com.tr\/wp-content\/uploads\/2024\/07\/Profilo-Destek-ve-Bilgi-Merkezi-480x167.jpg 480w\" sizes=\"(max-width: 567px) 100vw, 567px\" \/><\/a><\/p>\n","protected":false},"excerpt":{"rendered":"<p>Profilo Bula\u015f\u0131k Makinesi Kap\u0131 Kapanmama Sorunu ve \u00c7\u00f6z\u00fcm Yollar\u0131 Kap\u0131 Kapanmama Sorununun Nedenleri: Profilo bula\u015f\u0131k makinesi kap\u0131 kapanm\u0131yorsa, bu birka\u00e7 yayg\u0131n sorundan kaynaklanabilir. \u0130lk olarak, [&hellip;]<\/p>\n","protected":false},"author":1,"featured_media":0,"comment_status":"open","ping_status":"open","sticky":false,"template":"","format":"standard","meta":{"footnotes":""},"categories":[1743],"tags":[1759,1763,1761,1760,1762,1751,1758],"class_list":["post-1042","post","type-post","status-publish","format-standard","hentry","category-profilo-bulasik-makinesi-arizalari","tag-bulasik-makinesi-kapi-contasi","tag-bulasik-makinesi-kapi-kapanmama-cozumu","tag-bulasik-makinesi-kapi-kilidi","tag-bulasik-makinesi-mentese-arizasi","tag-bulasik-makinesi-raf-duzenleme","tag-profilo-bulasik-makinesi-arizasi","tag-profilo-bulasik-makinesi-kapi-kapanmiyor"],"yoast_head":"<!-- This site is optimized with the Yoast SEO plugin v27.4 - https:\/\/yoast.com\/product\/yoast-seo-wordpress\/ -->\n<title>Profilo Bula\u015f\u0131k Makinesi Kap\u0131 Kapanmama Sorunu ve \u00c7\u00f6z\u00fcm Yol<\/title>\n<meta name=\"description\" content=\"Profilo bula\u015f\u0131k makinesi kap\u0131 kapanm\u0131yorsa, bu birka\u00e7 yayg\u0131n sorundan kaynaklanabilir. \u0130lk olarak, kap\u0131 contas\u0131 a\u015f\u0131nm\u0131\u015f veya hasar g\u00f6rm\u00fc\u015f...\" \/>\n<meta name=\"robots\" content=\"index, follow, max-snippet:-1, max-image-preview:large, max-video-preview:-1\" \/>\n<link rel=\"canonical\" href=\"https:\/\/tekirdagboschservisi.com.tr\/index.php\/2024\/07\/10\/profilo-bulasik-makinesi-kapi-kapanmama-sorunu-ve-cozum-yollari\/\" \/>\n<meta property=\"og:locale\" content=\"tr_TR\" \/>\n<meta property=\"og:type\" content=\"article\" \/>\n<meta property=\"og:title\" content=\"Profilo Bula\u015f\u0131k Makinesi Kap\u0131 Kapanmama Sorunu ve \u00c7\u00f6z\u00fcm Yol\" \/>\n<meta property=\"og:description\" content=\"Profilo bula\u015f\u0131k makinesi kap\u0131 kapanm\u0131yorsa, bu birka\u00e7 yayg\u0131n sorundan kaynaklanabilir. \u0130lk olarak, kap\u0131 contas\u0131 a\u015f\u0131nm\u0131\u015f veya hasar g\u00f6rm\u00fc\u015f...\" \/>\n<meta property=\"og:url\" content=\"https:\/\/tekirdagboschservisi.com.tr\/index.php\/2024\/07\/10\/profilo-bulasik-makinesi-kapi-kapanmama-sorunu-ve-cozum-yollari\/\" \/>\n<meta property=\"og:site_name\" content=\"Tekirda\u011f Bosch Servisi\" \/>\n<meta property=\"article:published_time\" content=\"2024-07-10T16:29:43+00:00\" \/>\n<meta property=\"og:image\" content=\"https:\/\/tekirdagboschservisi.com.tr\/wp-content\/uploads\/2024\/03\/Profilo-Bulasik-Makinesi-Servisi.jpg\" \/>\n<meta name=\"author\" content=\"admin\" \/>\n<meta name=\"twitter:card\" content=\"summary_large_image\" \/>\n<meta name=\"twitter:label1\" content=\"Yazan:\" \/>\n\t<meta name=\"twitter:data1\" content=\"admin\" \/>\n\t<meta name=\"twitter:label2\" content=\"Tahmini okuma s\u00fcresi\" \/>\n\t<meta name=\"twitter:data2\" content=\"2 dakika\" \/>\n<script type=\"application\/ld+json\" class=\"yoast-schema-graph\">{\"@context\":\"https:\\\/\\\/schema.org\",\"@graph\":[{\"@type\":\"Article\",\"@id\":\"https:\\\/\\\/tekirdagboschservisi.com.tr\\\/index.php\\\/2024\\\/07\\\/10\\\/profilo-bulasik-makinesi-kapi-kapanmama-sorunu-ve-cozum-yollari\\\/#article\",\"isPartOf\":{\"@id\":\"https:\\\/\\\/tekirdagboschservisi.com.tr\\\/index.php\\\/2024\\\/07\\\/10\\\/profilo-bulasik-makinesi-kapi-kapanmama-sorunu-ve-cozum-yollari\\\/\"},\"author\":{\"name\":\"admin\",\"@id\":\"https:\\\/\\\/tekirdagboschservisi.com.tr\\\/#\\\/schema\\\/person\\\/edc9799f1a76b681707496086fab3ebe\"},\"headline\":\"Profilo Bula\u015f\u0131k Makinesi Kap\u0131 Kapanmama Sorunu ve \u00c7\u00f6z\u00fcm Yollar\u0131\",\"datePublished\":\"2024-07-10T16:29:43+00:00\",\"mainEntityOfPage\":{\"@id\":\"https:\\\/\\\/tekirdagboschservisi.com.tr\\\/index.php\\\/2024\\\/07\\\/10\\\/profilo-bulasik-makinesi-kapi-kapanmama-sorunu-ve-cozum-yollari\\\/\"},\"wordCount\":385,\"commentCount\":0,\"publisher\":{\"@id\":\"https:\\\/\\\/tekirdagboschservisi.com.tr\\\/#organization\"},\"image\":{\"@id\":\"https:\\\/\\\/tekirdagboschservisi.com.tr\\\/index.php\\\/2024\\\/07\\\/10\\\/profilo-bulasik-makinesi-kapi-kapanmama-sorunu-ve-cozum-yollari\\\/#primaryimage\"},\"thumbnailUrl\":\"https:\\\/\\\/tekirdagboschservisi.com.tr\\\/wp-content\\\/uploads\\\/2024\\\/03\\\/Profilo-Bulasik-Makinesi-Servisi.jpg\",\"keywords\":[\"bula\u015f\u0131k makinesi kap\u0131 contas\u0131\",\"bula\u015f\u0131k makinesi kap\u0131 kapanmama \u00e7\u00f6z\u00fcm\u00fc\",\"bula\u015f\u0131k makinesi kap\u0131 kilidi\",\"bula\u015f\u0131k makinesi mente\u015fe ar\u0131zas\u0131\",\"bula\u015f\u0131k makinesi raf d\u00fczenleme\",\"Profilo bula\u015f\u0131k makinesi ar\u0131zas\u0131\",\"Profilo bula\u015f\u0131k makinesi kap\u0131 kapanm\u0131yor\"],\"articleSection\":[\"Profilo Bula\u015f\u0131k Makinesi Ar\u0131zalar\u0131\"],\"inLanguage\":\"tr\",\"potentialAction\":[{\"@type\":\"CommentAction\",\"name\":\"Comment\",\"target\":[\"https:\\\/\\\/tekirdagboschservisi.com.tr\\\/index.php\\\/2024\\\/07\\\/10\\\/profilo-bulasik-makinesi-kapi-kapanmama-sorunu-ve-cozum-yollari\\\/#respond\"]}]},{\"@type\":\"WebPage\",\"@id\":\"https:\\\/\\\/tekirdagboschservisi.com.tr\\\/index.php\\\/2024\\\/07\\\/10\\\/profilo-bulasik-makinesi-kapi-kapanmama-sorunu-ve-cozum-yollari\\\/\",\"url\":\"https:\\\/\\\/tekirdagboschservisi.com.tr\\\/index.php\\\/2024\\\/07\\\/10\\\/profilo-bulasik-makinesi-kapi-kapanmama-sorunu-ve-cozum-yollari\\\/\",\"name\":\"Profilo Bula\u015f\u0131k Makinesi Kap\u0131 Kapanmama Sorunu ve \u00c7\u00f6z\u00fcm Yol\",\"isPartOf\":{\"@id\":\"https:\\\/\\\/tekirdagboschservisi.com.tr\\\/#website\"},\"primaryImageOfPage\":{\"@id\":\"https:\\\/\\\/tekirdagboschservisi.com.tr\\\/index.php\\\/2024\\\/07\\\/10\\\/profilo-bulasik-makinesi-kapi-kapanmama-sorunu-ve-cozum-yollari\\\/#primaryimage\"},\"image\":{\"@id\":\"https:\\\/\\\/tekirdagboschservisi.com.tr\\\/index.php\\\/2024\\\/07\\\/10\\\/profilo-bulasik-makinesi-kapi-kapanmama-sorunu-ve-cozum-yollari\\\/#primaryimage\"},\"thumbnailUrl\":\"https:\\\/\\\/tekirdagboschservisi.com.tr\\\/wp-content\\\/uploads\\\/2024\\\/03\\\/Profilo-Bulasik-Makinesi-Servisi.jpg\",\"datePublished\":\"2024-07-10T16:29:43+00:00\",\"description\":\"Profilo bula\u015f\u0131k makinesi kap\u0131 kapanm\u0131yorsa, bu birka\u00e7 yayg\u0131n sorundan kaynaklanabilir. \u0130lk olarak, kap\u0131 contas\u0131 a\u015f\u0131nm\u0131\u015f veya hasar g\u00f6rm\u00fc\u015f...\",\"breadcrumb\":{\"@id\":\"https:\\\/\\\/tekirdagboschservisi.com.tr\\\/index.php\\\/2024\\\/07\\\/10\\\/profilo-bulasik-makinesi-kapi-kapanmama-sorunu-ve-cozum-yollari\\\/#breadcrumb\"},\"inLanguage\":\"tr\",\"potentialAction\":[{\"@type\":\"ReadAction\",\"target\":[\"https:\\\/\\\/tekirdagboschservisi.com.tr\\\/index.php\\\/2024\\\/07\\\/10\\\/profilo-bulasik-makinesi-kapi-kapanmama-sorunu-ve-cozum-yollari\\\/\"]}]},{\"@type\":\"ImageObject\",\"inLanguage\":\"tr\",\"@id\":\"https:\\\/\\\/tekirdagboschservisi.com.tr\\\/index.php\\\/2024\\\/07\\\/10\\\/profilo-bulasik-makinesi-kapi-kapanmama-sorunu-ve-cozum-yollari\\\/#primaryimage\",\"url\":\"https:\\\/\\\/tekirdagboschservisi.com.tr\\\/wp-content\\\/uploads\\\/2024\\\/03\\\/Profilo-Bulasik-Makinesi-Servisi.jpg\",\"contentUrl\":\"https:\\\/\\\/tekirdagboschservisi.com.tr\\\/wp-content\\\/uploads\\\/2024\\\/03\\\/Profilo-Bulasik-Makinesi-Servisi.jpg\",\"width\":1004,\"height\":591,\"caption\":\"Tekirda\u011f Profilo Bula\u015f\u0131k Makinesi Servisi 0282 263 22 96 Profilo Bula\u015f\u0131k Makinesi Elektrik Sorunu ve \u00c7\u00f6z\u00fcm Yollar\u0131 Profilo Bula\u015f\u0131k Makinesi Deterjan Al\u0131c\u0131 Sorunu ve \u00c7\u00f6z\u00fcm Yollar\u0131 Profilo Bula\u015f\u0131k Makinesi Kap\u0131 Kapanmama Sorunu ve \u00c7\u00f6z\u00fcm Yollar\u0131 Profilo Bula\u015f\u0131k Makinesi Temiz Y\u0131kamama Sorunu ve \u00c7\u00f6z\u00fcm Yollar\u0131 Profilo Bula\u015f\u0131k Makinesi Su Ka\u00e7\u0131rma Sorunu ve \u00c7\u00f6z\u00fcm Yollar\u0131 Profilo Bula\u015f\u0131k Makinesi G\u00fcr\u00fclt\u00fc Sorunu ve \u00c7\u00f6z\u00fcm Yollar\u0131 Profilo Bula\u015f\u0131k Makinesi Suyu Bo\u015faltmama Sorunu ve \u00c7\u00f6z\u00fcm Yollar\u0131 Profilo Bula\u015f\u0131k Makinesi Su Almama Sorunu ve \u00c7\u00f6z\u00fcm Yollar\u0131\"},{\"@type\":\"BreadcrumbList\",\"@id\":\"https:\\\/\\\/tekirdagboschservisi.com.tr\\\/index.php\\\/2024\\\/07\\\/10\\\/profilo-bulasik-makinesi-kapi-kapanmama-sorunu-ve-cozum-yollari\\\/#breadcrumb\",\"itemListElement\":[{\"@type\":\"ListItem\",\"position\":1,\"name\":\"Anasayfa\",\"item\":\"https:\\\/\\\/tekirdagboschservisi.com.tr\\\/\"},{\"@type\":\"ListItem\",\"position\":2,\"name\":\"Profilo Bula\u015f\u0131k Makinesi Kap\u0131 Kapanmama Sorunu ve \u00c7\u00f6z\u00fcm Yollar\u0131\"}]},{\"@type\":\"WebSite\",\"@id\":\"https:\\\/\\\/tekirdagboschservisi.com.tr\\\/#website\",\"url\":\"https:\\\/\\\/tekirdagboschservisi.com.tr\\\/\",\"name\":\"Tekirda\u011f Bosch Servisi\",\"description\":\"0282 263 22 96\",\"publisher\":{\"@id\":\"https:\\\/\\\/tekirdagboschservisi.com.tr\\\/#organization\"},\"potentialAction\":[{\"@type\":\"SearchAction\",\"target\":{\"@type\":\"EntryPoint\",\"urlTemplate\":\"https:\\\/\\\/tekirdagboschservisi.com.tr\\\/?s={search_term_string}\"},\"query-input\":{\"@type\":\"PropertyValueSpecification\",\"valueRequired\":true,\"valueName\":\"search_term_string\"}}],\"inLanguage\":\"tr\"},{\"@type\":\"Organization\",\"@id\":\"https:\\\/\\\/tekirdagboschservisi.com.tr\\\/#organization\",\"name\":\"Tekirda\u011f Bosch Servisi\",\"url\":\"https:\\\/\\\/tekirdagboschservisi.com.tr\\\/\",\"logo\":{\"@type\":\"ImageObject\",\"inLanguage\":\"tr\",\"@id\":\"https:\\\/\\\/tekirdagboschservisi.com.tr\\\/#\\\/schema\\\/logo\\\/image\\\/\",\"url\":\"https:\\\/\\\/tekirdagboschservisi.com.tr\\\/wp-content\\\/uploads\\\/2024\\\/03\\\/7502c4fab3c11f90ed12b06b5e7b138d-1.jpg\",\"contentUrl\":\"https:\\\/\\\/tekirdagboschservisi.com.tr\\\/wp-content\\\/uploads\\\/2024\\\/03\\\/7502c4fab3c11f90ed12b06b5e7b138d-1.jpg\",\"width\":250,\"height\":92,\"caption\":\"Tekirda\u011f Bosch Servisi\"},\"image\":{\"@id\":\"https:\\\/\\\/tekirdagboschservisi.com.tr\\\/#\\\/schema\\\/logo\\\/image\\\/\"}},{\"@type\":\"Person\",\"@id\":\"https:\\\/\\\/tekirdagboschservisi.com.tr\\\/#\\\/schema\\\/person\\\/edc9799f1a76b681707496086fab3ebe\",\"name\":\"admin\",\"image\":{\"@type\":\"ImageObject\",\"inLanguage\":\"tr\",\"@id\":\"https:\\\/\\\/secure.gravatar.com\\\/avatar\\\/db70c2b6f6e9a750c63863236e8b79698035aa5b561aef5deda998a2b8dbe5b4?s=96&d=mm&r=g\",\"url\":\"https:\\\/\\\/secure.gravatar.com\\\/avatar\\\/db70c2b6f6e9a750c63863236e8b79698035aa5b561aef5deda998a2b8dbe5b4?s=96&d=mm&r=g\",\"contentUrl\":\"https:\\\/\\\/secure.gravatar.com\\\/avatar\\\/db70c2b6f6e9a750c63863236e8b79698035aa5b561aef5deda998a2b8dbe5b4?s=96&d=mm&r=g\",\"caption\":\"admin\"},\"sameAs\":[\"https:\\\/\\\/tekirdagboschservisi.com.tr\"],\"url\":\"https:\\\/\\\/tekirdagboschservisi.com.tr\\\/index.php\\\/author\\\/bosch-tekirdag\\\/\"}]}<\/script>\n<!-- \/ Yoast SEO plugin. -->","yoast_head_json":{"title":"Profilo Bula\u015f\u0131k Makinesi Kap\u0131 Kapanmama Sorunu ve \u00c7\u00f6z\u00fcm Yol","description":"Profilo bula\u015f\u0131k makinesi kap\u0131 kapanm\u0131yorsa, bu birka\u00e7 yayg\u0131n sorundan kaynaklanabilir. \u0130lk olarak, kap\u0131 contas\u0131 a\u015f\u0131nm\u0131\u015f veya hasar g\u00f6rm\u00fc\u015f...","robots":{"index":"index","follow":"follow","max-snippet":"max-snippet:-1","max-image-preview":"max-image-preview:large","max-video-preview":"max-video-preview:-1"},"canonical":"https:\/\/tekirdagboschservisi.com.tr\/index.php\/2024\/07\/10\/profilo-bulasik-makinesi-kapi-kapanmama-sorunu-ve-cozum-yollari\/","og_locale":"tr_TR","og_type":"article","og_title":"Profilo Bula\u015f\u0131k Makinesi Kap\u0131 Kapanmama Sorunu ve \u00c7\u00f6z\u00fcm Yol","og_description":"Profilo bula\u015f\u0131k makinesi kap\u0131 kapanm\u0131yorsa, bu birka\u00e7 yayg\u0131n sorundan kaynaklanabilir. \u0130lk olarak, kap\u0131 contas\u0131 a\u015f\u0131nm\u0131\u015f veya hasar g\u00f6rm\u00fc\u015f...","og_url":"https:\/\/tekirdagboschservisi.com.tr\/index.php\/2024\/07\/10\/profilo-bulasik-makinesi-kapi-kapanmama-sorunu-ve-cozum-yollari\/","og_site_name":"Tekirda\u011f Bosch Servisi","article_published_time":"2024-07-10T16:29:43+00:00","og_image":[{"url":"https:\/\/tekirdagboschservisi.com.tr\/wp-content\/uploads\/2024\/03\/Profilo-Bulasik-Makinesi-Servisi.jpg","type":"","width":"","height":""}],"author":"admin","twitter_card":"summary_large_image","twitter_misc":{"Yazan:":"admin","Tahmini okuma s\u00fcresi":"2 dakika"},"schema":{"@context":"https:\/\/schema.org","@graph":[{"@type":"Article","@id":"https:\/\/tekirdagboschservisi.com.tr\/index.php\/2024\/07\/10\/profilo-bulasik-makinesi-kapi-kapanmama-sorunu-ve-cozum-yollari\/#article","isPartOf":{"@id":"https:\/\/tekirdagboschservisi.com.tr\/index.php\/2024\/07\/10\/profilo-bulasik-makinesi-kapi-kapanmama-sorunu-ve-cozum-yollari\/"},"author":{"name":"admin","@id":"https:\/\/tekirdagboschservisi.com.tr\/#\/schema\/person\/edc9799f1a76b681707496086fab3ebe"},"headline":"Profilo Bula\u015f\u0131k Makinesi Kap\u0131 Kapanmama Sorunu ve \u00c7\u00f6z\u00fcm Yollar\u0131","datePublished":"2024-07-10T16:29:43+00:00","mainEntityOfPage":{"@id":"https:\/\/tekirdagboschservisi.com.tr\/index.php\/2024\/07\/10\/profilo-bulasik-makinesi-kapi-kapanmama-sorunu-ve-cozum-yollari\/"},"wordCount":385,"commentCount":0,"publisher":{"@id":"https:\/\/tekirdagboschservisi.com.tr\/#organization"},"image":{"@id":"https:\/\/tekirdagboschservisi.com.tr\/index.php\/2024\/07\/10\/profilo-bulasik-makinesi-kapi-kapanmama-sorunu-ve-cozum-yollari\/#primaryimage"},"thumbnailUrl":"https:\/\/tekirdagboschservisi.com.tr\/wp-content\/uploads\/2024\/03\/Profilo-Bulasik-Makinesi-Servisi.jpg","keywords":["bula\u015f\u0131k makinesi kap\u0131 contas\u0131","bula\u015f\u0131k makinesi kap\u0131 kapanmama \u00e7\u00f6z\u00fcm\u00fc","bula\u015f\u0131k makinesi kap\u0131 kilidi","bula\u015f\u0131k makinesi mente\u015fe ar\u0131zas\u0131","bula\u015f\u0131k makinesi raf d\u00fczenleme","Profilo bula\u015f\u0131k makinesi ar\u0131zas\u0131","Profilo bula\u015f\u0131k makinesi kap\u0131 kapanm\u0131yor"],"articleSection":["Profilo Bula\u015f\u0131k Makinesi Ar\u0131zalar\u0131"],"inLanguage":"tr","potentialAction":[{"@type":"CommentAction","name":"Comment","target":["https:\/\/tekirdagboschservisi.com.tr\/index.php\/2024\/07\/10\/profilo-bulasik-makinesi-kapi-kapanmama-sorunu-ve-cozum-yollari\/#respond"]}]},{"@type":"WebPage","@id":"https:\/\/tekirdagboschservisi.com.tr\/index.php\/2024\/07\/10\/profilo-bulasik-makinesi-kapi-kapanmama-sorunu-ve-cozum-yollari\/","url":"https:\/\/tekirdagboschservisi.com.tr\/index.php\/2024\/07\/10\/profilo-bulasik-makinesi-kapi-kapanmama-sorunu-ve-cozum-yollari\/","name":"Profilo Bula\u015f\u0131k Makinesi Kap\u0131 Kapanmama Sorunu ve \u00c7\u00f6z\u00fcm Yol","isPartOf":{"@id":"https:\/\/tekirdagboschservisi.com.tr\/#website"},"primaryImageOfPage":{"@id":"https:\/\/tekirdagboschservisi.com.tr\/index.php\/2024\/07\/10\/profilo-bulasik-makinesi-kapi-kapanmama-sorunu-ve-cozum-yollari\/#primaryimage"},"image":{"@id":"https:\/\/tekirdagboschservisi.com.tr\/index.php\/2024\/07\/10\/profilo-bulasik-makinesi-kapi-kapanmama-sorunu-ve-cozum-yollari\/#primaryimage"},"thumbnailUrl":"https:\/\/tekirdagboschservisi.com.tr\/wp-content\/uploads\/2024\/03\/Profilo-Bulasik-Makinesi-Servisi.jpg","datePublished":"2024-07-10T16:29:43+00:00","description":"Profilo bula\u015f\u0131k makinesi kap\u0131 kapanm\u0131yorsa, bu birka\u00e7 yayg\u0131n sorundan kaynaklanabilir. \u0130lk olarak, kap\u0131 contas\u0131 a\u015f\u0131nm\u0131\u015f veya hasar g\u00f6rm\u00fc\u015f...","breadcrumb":{"@id":"https:\/\/tekirdagboschservisi.com.tr\/index.php\/2024\/07\/10\/profilo-bulasik-makinesi-kapi-kapanmama-sorunu-ve-cozum-yollari\/#breadcrumb"},"inLanguage":"tr","potentialAction":[{"@type":"ReadAction","target":["https:\/\/tekirdagboschservisi.com.tr\/index.php\/2024\/07\/10\/profilo-bulasik-makinesi-kapi-kapanmama-sorunu-ve-cozum-yollari\/"]}]},{"@type":"ImageObject","inLanguage":"tr","@id":"https:\/\/tekirdagboschservisi.com.tr\/index.php\/2024\/07\/10\/profilo-bulasik-makinesi-kapi-kapanmama-sorunu-ve-cozum-yollari\/#primaryimage","url":"https:\/\/tekirdagboschservisi.com.tr\/wp-content\/uploads\/2024\/03\/Profilo-Bulasik-Makinesi-Servisi.jpg","contentUrl":"https:\/\/tekirdagboschservisi.com.tr\/wp-content\/uploads\/2024\/03\/Profilo-Bulasik-Makinesi-Servisi.jpg","width":1004,"height":591,"caption":"Tekirda\u011f Profilo Bula\u015f\u0131k Makinesi Servisi 0282 263 22 96 Profilo Bula\u015f\u0131k Makinesi Elektrik Sorunu ve \u00c7\u00f6z\u00fcm Yollar\u0131 Profilo Bula\u015f\u0131k Makinesi Deterjan Al\u0131c\u0131 Sorunu ve \u00c7\u00f6z\u00fcm Yollar\u0131 Profilo Bula\u015f\u0131k Makinesi Kap\u0131 Kapanmama Sorunu ve \u00c7\u00f6z\u00fcm Yollar\u0131 Profilo Bula\u015f\u0131k Makinesi Temiz Y\u0131kamama Sorunu ve \u00c7\u00f6z\u00fcm Yollar\u0131 Profilo Bula\u015f\u0131k Makinesi Su Ka\u00e7\u0131rma Sorunu ve \u00c7\u00f6z\u00fcm Yollar\u0131 Profilo Bula\u015f\u0131k Makinesi G\u00fcr\u00fclt\u00fc Sorunu ve \u00c7\u00f6z\u00fcm Yollar\u0131 Profilo Bula\u015f\u0131k Makinesi Suyu Bo\u015faltmama Sorunu ve \u00c7\u00f6z\u00fcm Yollar\u0131 Profilo Bula\u015f\u0131k Makinesi Su Almama Sorunu ve \u00c7\u00f6z\u00fcm Yollar\u0131"},{"@type":"BreadcrumbList","@id":"https:\/\/tekirdagboschservisi.com.tr\/index.php\/2024\/07\/10\/profilo-bulasik-makinesi-kapi-kapanmama-sorunu-ve-cozum-yollari\/#breadcrumb","itemListElement":[{"@type":"ListItem","position":1,"name":"Anasayfa","item":"https:\/\/tekirdagboschservisi.com.tr\/"},{"@type":"ListItem","position":2,"name":"Profilo Bula\u015f\u0131k Makinesi Kap\u0131 Kapanmama Sorunu ve \u00c7\u00f6z\u00fcm Yollar\u0131"}]},{"@type":"WebSite","@id":"https:\/\/tekirdagboschservisi.com.tr\/#website","url":"https:\/\/tekirdagboschservisi.com.tr\/","name":"Tekirda\u011f Bosch Servisi","description":"0282 263 22 96","publisher":{"@id":"https:\/\/tekirdagboschservisi.com.tr\/#organization"},"potentialAction":[{"@type":"SearchAction","target":{"@type":"EntryPoint","urlTemplate":"https:\/\/tekirdagboschservisi.com.tr\/?s={search_term_string}"},"query-input":{"@type":"PropertyValueSpecification","valueRequired":true,"valueName":"search_term_string"}}],"inLanguage":"tr"},{"@type":"Organization","@id":"https:\/\/tekirdagboschservisi.com.tr\/#organization","name":"Tekirda\u011f Bosch Servisi","url":"https:\/\/tekirdagboschservisi.com.tr\/","logo":{"@type":"ImageObject","inLanguage":"tr","@id":"https:\/\/tekirdagboschservisi.com.tr\/#\/schema\/logo\/image\/","url":"https:\/\/tekirdagboschservisi.com.tr\/wp-content\/uploads\/2024\/03\/7502c4fab3c11f90ed12b06b5e7b138d-1.jpg","contentUrl":"https:\/\/tekirdagboschservisi.com.tr\/wp-content\/uploads\/2024\/03\/7502c4fab3c11f90ed12b06b5e7b138d-1.jpg","width":250,"height":92,"caption":"Tekirda\u011f Bosch Servisi"},"image":{"@id":"https:\/\/tekirdagboschservisi.com.tr\/#\/schema\/logo\/image\/"}},{"@type":"Person","@id":"https:\/\/tekirdagboschservisi.com.tr\/#\/schema\/person\/edc9799f1a76b681707496086fab3ebe","name":"admin","image":{"@type":"ImageObject","inLanguage":"tr","@id":"https:\/\/secure.gravatar.com\/avatar\/db70c2b6f6e9a750c63863236e8b79698035aa5b561aef5deda998a2b8dbe5b4?s=96&d=mm&r=g","url":"https:\/\/secure.gravatar.com\/avatar\/db70c2b6f6e9a750c63863236e8b79698035aa5b561aef5deda998a2b8dbe5b4?s=96&d=mm&r=g","contentUrl":"https:\/\/secure.gravatar.com\/avatar\/db70c2b6f6e9a750c63863236e8b79698035aa5b561aef5deda998a2b8dbe5b4?s=96&d=mm&r=g","caption":"admin"},"sameAs":["https:\/\/tekirdagboschservisi.com.tr"],"url":"https:\/\/tekirdagboschservisi.com.tr\/index.php\/author\/bosch-tekirdag\/"}]}},"_links":{"self":[{"href":"https:\/\/tekirdagboschservisi.com.tr\/index.php\/wp-json\/wp\/v2\/posts\/1042","targetHints":{"allow":["GET"]}}],"collection":[{"href":"https:\/\/tekirdagboschservisi.com.tr\/index.php\/wp-json\/wp\/v2\/posts"}],"about":[{"href":"https:\/\/tekirdagboschservisi.com.tr\/index.php\/wp-json\/wp\/v2\/types\/post"}],"author":[{"embeddable":true,"href":"https:\/\/tekirdagboschservisi.com.tr\/index.php\/wp-json\/wp\/v2\/users\/1"}],"replies":[{"embeddable":true,"href":"https:\/\/tekirdagboschservisi.com.tr\/index.php\/wp-json\/wp\/v2\/comments?post=1042"}],"version-history":[{"count":1,"href":"https:\/\/tekirdagboschservisi.com.tr\/index.php\/wp-json\/wp\/v2\/posts\/1042\/revisions"}],"predecessor-version":[{"id":1043,"href":"https:\/\/tekirdagboschservisi.com.tr\/index.php\/wp-json\/wp\/v2\/posts\/1042\/revisions\/1043"}],"wp:attachment":[{"href":"https:\/\/tekirdagboschservisi.com.tr\/index.php\/wp-json\/wp\/v2\/media?parent=1042"}],"wp:term":[{"taxonomy":"category","embeddable":true,"href":"https:\/\/tekirdagboschservisi.com.tr\/index.php\/wp-json\/wp\/v2\/categories?post=1042"},{"taxonomy":"post_tag","embeddable":true,"href":"https:\/\/tekirdagboschservisi.com.tr\/index.php\/wp-json\/wp\/v2\/tags?post=1042"}],"curies":[{"name":"wp","href":"https:\/\/api.w.org\/{rel}","templated":true}]}}